{"id":26818,"date":"2022-02-16T11:58:56","date_gmt":"2022-02-16T11:58:56","guid":{"rendered":"https:\/\/www.tunimedia.tn\/fr\/fekir-au-barca-le-prix-est-fixe\/"},"modified":"2022-02-16T11:58:56","modified_gmt":"2022-02-16T11:58:56","slug":"fekir-au-barca-le-prix-est-fixe","status":"publish","type":"post","link":"https:\/\/tunimedia.tn\/fr\/fekir-au-barca-le-prix-est-fixe\/","title":{"rendered":"Fekir au Bar\u00e7a, le prix est fix\u00e9"},"content":{"rendered":"<p> [ad_1]\n<\/p>\n<p>\nL&rsquo;int\u00e9r\u00eat du FC Barcelone pour Nabil Fekir a \u00e9t\u00e9 r\u00e9v\u00e9l\u00e9 il y a quelques jours. Le pr\u00e9sident du Real Betis a mis les choses au clair. <\/p>\n<div>\n<p>Samedi dernier, la presse espagnole se faisait l\u2019\u00e9cho des vell\u00e9it\u00e9s de Joan Laporta de renforcer son secteur offensif. <em>Sport<\/em> indiquait ainsi que <strong><a href=\"https:\/\/www.football365.fr\/fekir-nouvelle-folie-barca-10016755.html\">le patron du FC Barcelone avait un certain Nabil Fekir dans le viseur<\/a><\/strong>. Une op\u00e9ration a priori compliqu\u00e9e puisque <strong><a href=\"https:\/\/www.football365.fr\/fekir-rempile-betis-seville-10010429.html\">l\u2019international tricolore venait tout juste de rempiler avec le Real Betis<\/a><\/strong>. Et les choses ne s\u2019arrangent pas pour les Catalans.<\/p>\n<p>Mercredi, le pr\u00e9sident du club s\u00e9villan a \u00e9t\u00e9 interrog\u00e9 par la presse sur le dossier en question. Et pour Angel Haro, la mise au point a \u00e9t\u00e9 sans d\u00e9tour. \u00ab\u00a0<strong><em>Fekir ? C\u2019est un grand joueur<\/em><\/strong>, a-t-il d\u00e9clar\u00e9 dans des propos relay\u00e9s par <em>AS<\/em>. <em>Je n\u2019oserais pas dire qu\u2019il est le meilleur de la Liga, mais c\u2019est un spectacle que de le voir jouer. <strong>J\u2019esp\u00e8re qu\u2019il restera ici encore longtemps.<\/strong><\/em>\u00a0\u00bb<\/p>\n<h2><span style=\"color: #ff0000;\">Une clause de 100 M\u20ac<\/span><\/h2>\n<p>Et si Barcelone veut quand m\u00eame tenter sa chance, Angel Haro clarifie un peu plus la situation : \u00ab\u00a0<em><strong>Il y a une clause de 100 millions d\u2019euros pour son d\u00e9part. Le Bar\u00e7a ne m\u2019inqui\u00e8te pas.<\/strong> Mais c\u2019est bien, parce que cela signifie que le statut du joueur est tr\u00e8s \u00e9lev\u00e9.<\/em>\u00a0\u00bb Actuel 3e de Liga, le Betis dispute jeudi son 16e de finale aller de Ligue Europa sur la pelouse du Z\u00e9nith Saint-P\u00e9tersbourg (18h45).<\/p>\n<p><strong>A lire \u00e9galement : &gt;&gt;&gt; <a title=\"Al-Khela\u00effi et Leonardo, l'accusation espagnole\" href=\"https:\/\/www.football365.fr\/al-khelaifi-et-leonardo-laccusation-espagnole-10017503.html\">Al-Khela\u00effi et Leonardo, l\u2019accusation espagnole<\/a><\/strong> <\/div>\n[ad_2]\n<br \/><a href=\"https:\/\/www.football365.fr\/fekir-barca-prix-fixe-10017519.html\">Source link <\/a><\/p>\n","protected":false},"excerpt":{"rendered":"<p>[ad_1] L&rsquo;int\u00e9r\u00eat du FC Barcelone pour Nabil Fekir a \u00e9t\u00e9 r\u00e9v\u00e9l\u00e9 il y a quelques jours. Le pr\u00e9sident du Real Betis a mis les choses au clair. Samedi dernier, la presse espagnole se faisait l\u2019\u00e9cho des vell\u00e9it\u00e9s de Joan Laporta de renforcer son secteur offensif. Sport indiquait ainsi que le patron du FC Barcelone avait &hellip;<\/p>\n","protected":false},"author":1,"featured_media":26819,"comment_status":"open","ping_status":"open","sticky":false,"template":"","format":"standard","meta":{"_seopress_robots_primary_cat":"","_seopress_titles_title":"","_seopress_titles_desc":"","_seopress_robots_index":"","_jetpack_memberships_contains_paid_content":false,"footnotes":""},"categories":[350],"tags":[],"class_list":["post-26818","post","type-post","status-publish","format-standard","has-post-thumbnail","hentry","category-sport"],"jetpack_featured_media_url":"https:\/\/tunimedia.tn\/fr\/wp-content\/uploads\/2022\/02\/Nabil-Fekir-Betis-1.jpg","jetpack_sharing_enabled":true,"amp_enabled":true,"_links":{"self":[{"href":"https:\/\/tunimedia.tn\/fr\/wp-json\/wp\/v2\/posts\/26818","targetHints":{"allow":["GET"]}}],"collection":[{"href":"https:\/\/tunimedia.tn\/fr\/wp-json\/wp\/v2\/posts"}],"about":[{"href":"https:\/\/tunimedia.tn\/fr\/wp-json\/wp\/v2\/types\/post"}],"author":[{"embeddable":true,"href":"https:\/\/tunimedia.tn\/fr\/wp-json\/wp\/v2\/users\/1"}],"replies":[{"embeddable":true,"href":"https:\/\/tunimedia.tn\/fr\/wp-json\/wp\/v2\/comments?post=26818"}],"version-history":[{"count":0,"href":"https:\/\/tunimedia.tn\/fr\/wp-json\/wp\/v2\/posts\/26818\/revisions"}],"wp:featuredmedia":[{"embeddable":true,"href":"https:\/\/tunimedia.tn\/fr\/wp-json\/wp\/v2\/media\/26819"}],"wp:attachment":[{"href":"https:\/\/tunimedia.tn\/fr\/wp-json\/wp\/v2\/media?parent=26818"}],"wp:term":[{"taxonomy":"category","embeddable":true,"href":"https:\/\/tunimedia.tn\/fr\/wp-json\/wp\/v2\/categories?post=26818"},{"taxonomy":"post_tag","embeddable":true,"href":"https:\/\/tunimedia.tn\/fr\/wp-json\/wp\/v2\/tags?post=26818"}],"curies":[{"name":"wp","href":"https:\/\/api.w.org\/{rel}","templated":true}]}}