{"id":26518,"date":"2022-02-12T16:22:01","date_gmt":"2022-02-12T16:22:01","guid":{"rendered":"https:\/\/www.tunimedia.tn\/fr\/lloris-la-sombre-mise-en-garde-aux-bleus\/"},"modified":"2022-02-12T16:22:01","modified_gmt":"2022-02-12T16:22:01","slug":"lloris-la-sombre-mise-en-garde-aux-bleus","status":"publish","type":"post","link":"https:\/\/tunimedia.tn\/fr\/lloris-la-sombre-mise-en-garde-aux-bleus\/","title":{"rendered":"Lloris, la sombre mise en garde aux Bleus"},"content":{"rendered":"<p> [ad_1]\n<\/p>\n<p>\nDans neuf mois, l&rsquo;\u00e9quipe de France d\u00e9fendra son titre lors de la Coupe du monde 2022 au Qatar. Pour Hugo Lloris, les choses s&rsquo;annoncent tr\u00e8s compliqu\u00e9es. <\/p>\n<div>\n<p>Pr\u00e8s de quatre ans apr\u00e8s avoir \u00e9t\u00e9 sacr\u00e9e en Russie, <strong><a href=\"https:\/\/www.football365.fr\/bleus-coup-de-pression-mondial-2022-10014634.html\">l\u2019\u00e9quipe de France<\/a><\/strong> s\u2019appr\u00eate \u00e0 d\u00e9fendre son titre de<strong><a href=\"https:\/\/www.football365.fr\/classement-fifa-bleus-restent-podium-10016307.html\"> champion du monde<\/a><\/strong> du c\u00f4t\u00e9 du Qatar. Gardien titulaire chez les Bleus, Hugo Lloris sait que les choses vont \u00eatre difficiles pour les Fran\u00e7ais durant la Coupe du monde, et c\u2019est ce qu\u2019il a soulign\u00e9 dans un entretien accord\u00e9 au <em>Times<\/em>.<\/p>\n<blockquote>\n<p><strong>Voir aussi : <a title=\"La vengeance de Hamraoui\" href=\"https:\/\/www.football365.fr\/vengeance-de-hamraoui-10016691.html\">La vengeance de Hamraoui<\/a><\/strong><\/p>\n<\/blockquote>\n<p>Pour le portier de Tottenham, la France n\u2019est pas favorite malgr\u00e9 son \u00e9tiquette de tenante du titre. Et il s\u2019attend d\u2019ailleurs \u00e0 ce que son \u00e9quipe souffre tant et plus, face \u00e0 des adversaires d\u00e9sireux de faire tomber le champion : \u00ab\u00a0<em><strong>Je m\u2019attends \u00e0 une Coupe du monde difficile.<\/strong> Il faudra que l\u2019on soit pr\u00eats mentalement et physiquement. Lorsque vous \u00eates champion du monde, tout le monde vous attend.<\/em>\u00a0\u00bb<\/p>\n<h2><span style=\"color: #ff0000;\">Se pr\u00e9parer \u00e0 souffrir<\/span><\/h2>\n<p>Et Hugo Lloris d\u2019en appeler au bon souvenir des observateurs, soulignant que <strong>sur \u00ab\u00a0<\/strong><em><strong>les trois derniers Mondiaux, le vainqueur a eu du mal \u00e0 chaque fois<\/strong>. C\u2019\u00e9tait le cas de l\u2019Italie en Afrique du Sud, de l\u2019Espagne au Br\u00e9sil et de l\u2019Allemagne en Russie.<\/em>\u00a0\u00bb Pour toutes ces raisons, et m\u00eame s\u2019il assure que la France saura \u00ab\u00a0<em>relever le d\u00e9fi<\/em>\u00ab\u00a0, le Tricolore adresse une ultime mise en garde \u00e0 ses co\u00e9quipiers : <strong><em>\u00ab\u00a0Ce n\u2019est jamais simple. Il est important de se pr\u00e9parer \u00e0 souffrir.<\/em><\/strong>\u00a0\u00bb<\/p>\n<p>\u00a0<\/p>\n<p><strong>A lire \u00e9galement : &gt;&gt;&gt; <a title=\"PSG-Real, Thuram s'oppose \u00e0 Anelka\" href=\"https:\/\/www.football365.fr\/psg-real-thuram-soppose-a-anelka-10016710.html\">PSG-Real, Thuram s\u2019oppose \u00e0 Anelka<\/a><\/strong> <\/div>\n[ad_2]\n<br \/><a href=\"https:\/\/www.football365.fr\/lloris-la-sombre-mise-en-garde-aux-bleus-10016729.html\">Source link <\/a><\/p>\n","protected":false},"excerpt":{"rendered":"<p>[ad_1] Dans neuf mois, l&rsquo;\u00e9quipe de France d\u00e9fendra son titre lors de la Coupe du monde 2022 au Qatar. Pour Hugo Lloris, les choses s&rsquo;annoncent tr\u00e8s compliqu\u00e9es. Pr\u00e8s de quatre ans apr\u00e8s avoir \u00e9t\u00e9 sacr\u00e9e en Russie, l\u2019\u00e9quipe de France s\u2019appr\u00eate \u00e0 d\u00e9fendre son titre de champion du monde du c\u00f4t\u00e9 du Qatar. Gardien titulaire &hellip;<\/p>\n","protected":false},"author":1,"featured_media":26519,"comment_status":"open","ping_status":"open","sticky":false,"template":"","format":"standard","meta":{"_seopress_robots_primary_cat":"","_seopress_titles_title":"","_seopress_titles_desc":"","_seopress_robots_index":"","_jetpack_memberships_contains_paid_content":false,"footnotes":""},"categories":[350],"tags":[],"class_list":["post-26518","post","type-post","status-publish","format-standard","has-post-thumbnail","hentry","category-sport"],"jetpack_featured_media_url":"https:\/\/tunimedia.tn\/fr\/wp-content\/uploads\/2022\/02\/Hugo-Lloris-equipe-de-France-.jpg","jetpack_sharing_enabled":true,"amp_enabled":true,"_links":{"self":[{"href":"https:\/\/tunimedia.tn\/fr\/wp-json\/wp\/v2\/posts\/26518","targetHints":{"allow":["GET"]}}],"collection":[{"href":"https:\/\/tunimedia.tn\/fr\/wp-json\/wp\/v2\/posts"}],"about":[{"href":"https:\/\/tunimedia.tn\/fr\/wp-json\/wp\/v2\/types\/post"}],"author":[{"embeddable":true,"href":"https:\/\/tunimedia.tn\/fr\/wp-json\/wp\/v2\/users\/1"}],"replies":[{"embeddable":true,"href":"https:\/\/tunimedia.tn\/fr\/wp-json\/wp\/v2\/comments?post=26518"}],"version-history":[{"count":0,"href":"https:\/\/tunimedia.tn\/fr\/wp-json\/wp\/v2\/posts\/26518\/revisions"}],"wp:featuredmedia":[{"embeddable":true,"href":"https:\/\/tunimedia.tn\/fr\/wp-json\/wp\/v2\/media\/26519"}],"wp:attachment":[{"href":"https:\/\/tunimedia.tn\/fr\/wp-json\/wp\/v2\/media?parent=26518"}],"wp:term":[{"taxonomy":"category","embeddable":true,"href":"https:\/\/tunimedia.tn\/fr\/wp-json\/wp\/v2\/categories?post=26518"},{"taxonomy":"post_tag","embeddable":true,"href":"https:\/\/tunimedia.tn\/fr\/wp-json\/wp\/v2\/tags?post=26518"}],"curies":[{"name":"wp","href":"https:\/\/api.w.org\/{rel}","templated":true}]}}