{"id":23213,"date":"2022-01-03T18:36:22","date_gmt":"2022-01-03T18:36:22","guid":{"rendered":"https:\/\/www.tunimedia.tn\/fr\/lucas-digne-vers-un-tres-grand-club\/"},"modified":"2022-01-03T18:36:22","modified_gmt":"2022-01-03T18:36:22","slug":"lucas-digne-vers-un-tres-grand-club","status":"publish","type":"post","link":"https:\/\/tunimedia.tn\/fr\/lucas-digne-vers-un-tres-grand-club\/","title":{"rendered":"Lucas Digne vers un tr\u00e8s grand club"},"content":{"rendered":"<p> [ad_1]\n<\/p>\n<p>\nUn tr\u00e8s grand club europ\u00e9en a des vis\u00e9es sur le lat\u00e9ral fran\u00e7ais d&rsquo;Everton Lucas Digne. <\/p>\n<div>\n<p><strong>L\u2019Inter Milan souhaite r\u00e9aliser un \u00e9change pour Lucas Digne, l\u2019arri\u00e8re d\u2019Everton.<\/strong> La <em>Gazzetta dello Sport<\/em> affirme que l\u2019Inter Milan pr\u00e9pare une offre pour Digne qui impliquerait le d\u00e9part de Matias Vecino dans la direction oppos\u00e9e.\u00a0Les g\u00e9ants de la Serie A n\u2019ont pas les moyens de d\u00e9penser beaucoup en janvier, un \u00e9change est donc plus probable.<\/p>\n<h2><span style=\"color: #ff0000;\">Digne vers l\u2019Inter Milan ?\u00a0<\/span><\/h2>\n<p>Le milieu de terrain uruguayen cherche \u00e0 gagner du temps de jeu, mais il a rejet\u00e9 les propositions de Naples et de la Roma, tandis que Digne est fortement li\u00e9 \u00e0 un d\u00e9part de Goodison Park apr\u00e8s un d\u00e9saccord avec le manager Rafa Benitez.\u00a0Digne int\u00e9resse \u00e9galement Chelsea et Newcastle et ne devrait pas trouver de difficult\u00e9s \u00e0 rebondir en cas de d\u00e9part. Pour rappel,\u00a0<a href=\"https:\/\/www.football365.fr\/everton-a-recrute-remplacant-de-digne-10008359.html\"><strong>Everton vient d\u2019enr\u00f4ler un arri\u00e8re gauche, en la personne de l\u2019Ukrainien Vitaliy Mykolenko.<\/strong>\u00a0<\/a><\/p>\n<\/div>\n[ad_2]\n<br \/><a href=\"https:\/\/www.football365.fr\/lucas-digne-vers-tres-grand-club-10008689.html\">Source link <\/a><\/p>\n","protected":false},"excerpt":{"rendered":"<p>[ad_1] Un tr\u00e8s grand club europ\u00e9en a des vis\u00e9es sur le lat\u00e9ral fran\u00e7ais d&rsquo;Everton Lucas Digne. L\u2019Inter Milan souhaite r\u00e9aliser un \u00e9change pour Lucas Digne, l\u2019arri\u00e8re d\u2019Everton. La Gazzetta dello Sport affirme que l\u2019Inter Milan pr\u00e9pare une offre pour Digne qui impliquerait le d\u00e9part de Matias Vecino dans la direction oppos\u00e9e.\u00a0Les g\u00e9ants de la Serie &hellip;<\/p>\n","protected":false},"author":1,"featured_media":23214,"comment_status":"open","ping_status":"open","sticky":false,"template":"","format":"standard","meta":{"_seopress_robots_primary_cat":"","_seopress_titles_title":"","_seopress_titles_desc":"","_seopress_robots_index":"","_jetpack_memberships_contains_paid_content":false,"footnotes":""},"categories":[350],"tags":[],"class_list":["post-23213","post","type-post","status-publish","format-standard","has-post-thumbnail","hentry","category-sport"],"jetpack_featured_media_url":"https:\/\/tunimedia.tn\/fr\/wp-content\/uploads\/2022\/01\/Lucas-Digne-France.jpg","jetpack_sharing_enabled":true,"amp_enabled":true,"_links":{"self":[{"href":"https:\/\/tunimedia.tn\/fr\/wp-json\/wp\/v2\/posts\/23213","targetHints":{"allow":["GET"]}}],"collection":[{"href":"https:\/\/tunimedia.tn\/fr\/wp-json\/wp\/v2\/posts"}],"about":[{"href":"https:\/\/tunimedia.tn\/fr\/wp-json\/wp\/v2\/types\/post"}],"author":[{"embeddable":true,"href":"https:\/\/tunimedia.tn\/fr\/wp-json\/wp\/v2\/users\/1"}],"replies":[{"embeddable":true,"href":"https:\/\/tunimedia.tn\/fr\/wp-json\/wp\/v2\/comments?post=23213"}],"version-history":[{"count":0,"href":"https:\/\/tunimedia.tn\/fr\/wp-json\/wp\/v2\/posts\/23213\/revisions"}],"wp:featuredmedia":[{"embeddable":true,"href":"https:\/\/tunimedia.tn\/fr\/wp-json\/wp\/v2\/media\/23214"}],"wp:attachment":[{"href":"https:\/\/tunimedia.tn\/fr\/wp-json\/wp\/v2\/media?parent=23213"}],"wp:term":[{"taxonomy":"category","embeddable":true,"href":"https:\/\/tunimedia.tn\/fr\/wp-json\/wp\/v2\/categories?post=23213"},{"taxonomy":"post_tag","embeddable":true,"href":"https:\/\/tunimedia.tn\/fr\/wp-json\/wp\/v2\/tags?post=23213"}],"curies":[{"name":"wp","href":"https:\/\/api.w.org\/{rel}","templated":true}]}}