{"id":20370,"date":"2021-11-22T22:17:08","date_gmt":"2021-11-22T22:17:08","guid":{"rendered":"https:\/\/www.tunimedia.tn\/fr\/pedri-vise-par-le-bayern\/"},"modified":"2021-11-22T22:17:08","modified_gmt":"2021-11-22T22:17:08","slug":"pedri-vise-par-le-bayern","status":"publish","type":"post","link":"https:\/\/tunimedia.tn\/fr\/pedri-vise-par-le-bayern\/","title":{"rendered":"Pedri vis\u00e9 par le Bayern"},"content":{"rendered":"<p> [ad_1]\n<\/p>\n<p>\nLa star du FC Barcelone, Pedri, susciterait l&rsquo;int\u00e9r\u00eat du Bayern Munich, selon certains m\u00e9dias. <\/p>\n<div>\n<p>Le jeune milieu de terrain Pedri, qui vient d\u2019\u00eatre sacr\u00e9 \u00ab\u00a0Golden Boy 2021\u00a0\u00bb avec une marge record, fait l\u2019objet de rumeurs de transfert.\u00a0Selon <em>AS<\/em>, les g\u00e9ants allemands du Bayern Munich sont pr\u00eats \u00e0 faire une offre record de plus de 80 millions d\u2019euros pour le milieu de terrain.\u00a0<strong>Pedri a r\u00e9cemment sign\u00e9 un nouveau contrat jusqu\u2019en 2026, avec une clause lib\u00e9ratoire de 1 milliard d\u2019euros<\/strong>.<\/p>\n<h2><span style=\"color: #ff0000;\">Xavi veut garder Pedri<\/span><\/h2>\n<p>Mais <strong>la situation financi\u00e8re du FC Barcelone signifie qu\u2019il est susceptible de devoir perdre des joueurs contre des offres suffisamment all\u00e9chantes.<\/strong>\u00a0Cependant, selon <em>Sport<\/em>, le FC Barcelone n\u2019envisage pas de faire une offre pour Pedri, le consid\u00e9rant comme un pilier de son projet actuel.\u00a0Le milieu de terrain a manqu\u00e9 une grande partie de la saison en raison d\u2019une blessure, mais il est maintenant de retour et disponible pour jouer, ce qui constitue un \u00e9norme coup de pouce pour le nouvel entra\u00eeneur du Bar\u00e7a, Xavi Hernandez, qui esp\u00e8re certainement que Pedri ne quittera pas la Catalogne de sit\u00f4t.<\/p>\n<\/div>\n[ad_2]\n<br \/><a href=\"https:\/\/www.football365.fr\/barca-pedri-vise-bayern-9999977.html\">Source link <\/a><\/p>\n","protected":false},"excerpt":{"rendered":"<p>[ad_1] La star du FC Barcelone, Pedri, susciterait l&rsquo;int\u00e9r\u00eat du Bayern Munich, selon certains m\u00e9dias. Le jeune milieu de terrain Pedri, qui vient d\u2019\u00eatre sacr\u00e9 \u00ab\u00a0Golden Boy 2021\u00a0\u00bb avec une marge record, fait l\u2019objet de rumeurs de transfert.\u00a0Selon AS, les g\u00e9ants allemands du Bayern Munich sont pr\u00eats \u00e0 faire une offre record de plus de &hellip;<\/p>\n","protected":false},"author":1,"featured_media":17425,"comment_status":"open","ping_status":"open","sticky":false,"template":"","format":"standard","meta":{"_seopress_robots_primary_cat":"","_seopress_titles_title":"","_seopress_titles_desc":"","_seopress_robots_index":"","_jetpack_memberships_contains_paid_content":false,"footnotes":""},"categories":[350],"tags":[],"class_list":["post-20370","post","type-post","status-publish","format-standard","has-post-thumbnail","hentry","category-sport"],"jetpack_featured_media_url":"https:\/\/tunimedia.tn\/fr\/wp-content\/uploads\/2021\/10\/PEDRI.jpg","jetpack_sharing_enabled":true,"amp_enabled":true,"_links":{"self":[{"href":"https:\/\/tunimedia.tn\/fr\/wp-json\/wp\/v2\/posts\/20370","targetHints":{"allow":["GET"]}}],"collection":[{"href":"https:\/\/tunimedia.tn\/fr\/wp-json\/wp\/v2\/posts"}],"about":[{"href":"https:\/\/tunimedia.tn\/fr\/wp-json\/wp\/v2\/types\/post"}],"author":[{"embeddable":true,"href":"https:\/\/tunimedia.tn\/fr\/wp-json\/wp\/v2\/users\/1"}],"replies":[{"embeddable":true,"href":"https:\/\/tunimedia.tn\/fr\/wp-json\/wp\/v2\/comments?post=20370"}],"version-history":[{"count":0,"href":"https:\/\/tunimedia.tn\/fr\/wp-json\/wp\/v2\/posts\/20370\/revisions"}],"wp:featuredmedia":[{"embeddable":true,"href":"https:\/\/tunimedia.tn\/fr\/wp-json\/wp\/v2\/media\/17425"}],"wp:attachment":[{"href":"https:\/\/tunimedia.tn\/fr\/wp-json\/wp\/v2\/media?parent=20370"}],"wp:term":[{"taxonomy":"category","embeddable":true,"href":"https:\/\/tunimedia.tn\/fr\/wp-json\/wp\/v2\/categories?post=20370"},{"taxonomy":"post_tag","embeddable":true,"href":"https:\/\/tunimedia.tn\/fr\/wp-json\/wp\/v2\/tags?post=20370"}],"curies":[{"name":"wp","href":"https:\/\/api.w.org\/{rel}","templated":true}]}}