{"id":17244,"date":"2021-10-12T11:09:49","date_gmt":"2021-10-12T11:09:49","guid":{"rendered":"https:\/\/www.tunimedia.tn\/fr\/donnarumma-le-tatouage-de-la-reconciliation\/"},"modified":"2021-10-12T11:09:49","modified_gmt":"2021-10-12T11:09:49","slug":"donnarumma-le-tatouage-de-la-reconciliation","status":"publish","type":"post","link":"https:\/\/tunimedia.tn\/fr\/donnarumma-le-tatouage-de-la-reconciliation\/","title":{"rendered":"Donnarumma, le tatouage de la r\u00e9conciliation"},"content":{"rendered":"<p> [ad_1]\n<\/p>\n<p>\nBien mal accueilli \u00e0 San Siro lors d&rsquo;Italie-Espagne en Ligue des nations, Gianluigi Donnarumma a fait un geste en direction de ses anciens supporters. <\/p>\n<div>\n<p>S\u2019il s\u2019y attendait un peu, Gianluigi Donnarumma ne pensait pas que la mani\u00e8re dont certains fans de l\u2019AC Milan l\u2019accueilleraient serait aussi blessante. Pour avoir d\u00e9cid\u00e9 de quitter libre le club rossonero \u00e0 l\u2019\u00e9t\u00e9 2021, direction le Paris Saint-Germain, <strong><a href=\"https:\/\/www.football365.fr\/donnarumma-pris-a-partie-9991307.html\">le champion d\u2019Europe italien a \u00e9t\u00e9 chahut\u00e9 de toutes les mani\u00e8res possibles<\/a><\/strong> \u00e0 l\u2019occasion du <strong><a href=\"https:\/\/www.football365.fr\/donnarumma-en-larmes-raiola-sinsurge-9991810.html\">match de Ligue des nations entre l\u2019Italie et l\u2019Espagne<\/a><\/strong> ayant eu lieu \u00e0 San Siro. Quelques jours plus tard, le portier a d\u00e9cid\u00e9 de faire un geste pacificateur.<\/p>\n<p>Comme le rapporte <em>Sport MediaSet<\/em>, Donnarumma a d\u00e9cid\u00e9 de se faire tatouer le logo de l\u2019AC Milan sur l\u2019avant-bras droit. <strong>Un tatouage cependant temporaire avec des airs de d\u00e9calcomanie<\/strong>, mais qui pourrait bien \u00eatre remplac\u00e9 par un autre.<\/p>\n<blockquote class=\"twitter-tweet\">\n<p dir=\"ltr\" lang=\"it\"><a href=\"https:\/\/twitter.com\/hashtag\/Donnarumma?src=hash&amp;ref_src=twsrc%5Etfw\">#Donnarumma<\/a>: dopo i fischi di San Siro il tatuaggio del Milan\u2026 <a href=\"https:\/\/twitter.com\/hashtag\/SportMediaset?src=hash&amp;ref_src=twsrc%5Etfw\">#SportMediaset<\/a> <a href=\"https:\/\/t.co\/IttOywfkay\">https:\/\/t.co\/IttOywfkay<\/a><\/p>\n<p>\u2014 SportMediaset.it (@sportmediaset) <a href=\"https:\/\/twitter.com\/sportmediaset\/status\/1447847959450865666?ref_src=twsrc%5Etfw\">October 12, 2021<\/a><\/p>\n<\/blockquote>\n<p>\u00ab\u00a0<em>Je serai toujours rossonero de c\u0153ur<\/em>\u00ab\u00a0, a confi\u00e9 le Parisien qui, lorsque le journaliste lui a demand\u00e9 s\u2019il \u00e9tait pr\u00eat \u00e0 se faire tatouer pour de bon le logo de l\u2019AC Milan, a r\u00e9pondu : \u00ab\u00a0<em>Voyons, voyons\u2026 Ok, OK<\/em>\u00ab\u00a0. Suffisant pour regagner sa place dans le c\u0153ur des tifosi milanais ?<\/p>\n<p><strong>\u00c0 lire \u00e9galement : &gt;&gt;&gt; <a title=\"\" href=\"https:\/\/www.football365.fr\/monstre-frerot-lloris-senflamme-benzema-9992526.html\">\u00ab\u00a0T\u2019es un monstre, fr\u00e9rot !\u00a0\u00bb, quand Lloris s\u2019enflamme pour Benzema<\/a><\/strong><br \/>\n<strong>\u00c0 voir aussi : &gt;&gt;&gt; <a title=\"Giroud sacr\u00e9, il tient sa revanche\" href=\"https:\/\/www.football365.fr\/giroud-sacre-il-tient-sa-revanche-9992407.html\">Giroud sacr\u00e9, il tient sa revanche<\/a><\/strong> <\/div>\n<p><script async src=\"\/\/platform.twitter.com\/widgets.js\" charset=\"utf-8\"><\/script><br \/>\n<br \/>[ad_2]\n<br \/><a href=\"https:\/\/www.football365.fr\/donnarumma-tatouage-de-reconciliation-9992534.html\">Source link <\/a><\/p>\n","protected":false},"excerpt":{"rendered":"<p>[ad_1] Bien mal accueilli \u00e0 San Siro lors d&rsquo;Italie-Espagne en Ligue des nations, Gianluigi Donnarumma a fait un geste en direction de ses anciens supporters. S\u2019il s\u2019y attendait un peu, Gianluigi Donnarumma ne pensait pas que la mani\u00e8re dont certains fans de l\u2019AC Milan l\u2019accueilleraient serait aussi blessante. Pour avoir d\u00e9cid\u00e9 de quitter libre le &hellip;<\/p>\n","protected":false},"author":1,"featured_media":17245,"comment_status":"open","ping_status":"open","sticky":false,"template":"","format":"standard","meta":{"_seopress_robots_primary_cat":"","_seopress_titles_title":"","_seopress_titles_desc":"","_seopress_robots_index":"","_jetpack_memberships_contains_paid_content":false,"footnotes":""},"categories":[350],"tags":[],"class_list":["post-17244","post","type-post","status-publish","format-standard","has-post-thumbnail","hentry","category-sport"],"jetpack_featured_media_url":"https:\/\/tunimedia.tn\/fr\/wp-content\/uploads\/2021\/10\/1634036989_Gianluigi-Donnarumma-Italie.jpg","jetpack_sharing_enabled":true,"amp_enabled":true,"_links":{"self":[{"href":"https:\/\/tunimedia.tn\/fr\/wp-json\/wp\/v2\/posts\/17244","targetHints":{"allow":["GET"]}}],"collection":[{"href":"https:\/\/tunimedia.tn\/fr\/wp-json\/wp\/v2\/posts"}],"about":[{"href":"https:\/\/tunimedia.tn\/fr\/wp-json\/wp\/v2\/types\/post"}],"author":[{"embeddable":true,"href":"https:\/\/tunimedia.tn\/fr\/wp-json\/wp\/v2\/users\/1"}],"replies":[{"embeddable":true,"href":"https:\/\/tunimedia.tn\/fr\/wp-json\/wp\/v2\/comments?post=17244"}],"version-history":[{"count":0,"href":"https:\/\/tunimedia.tn\/fr\/wp-json\/wp\/v2\/posts\/17244\/revisions"}],"wp:featuredmedia":[{"embeddable":true,"href":"https:\/\/tunimedia.tn\/fr\/wp-json\/wp\/v2\/media\/17245"}],"wp:attachment":[{"href":"https:\/\/tunimedia.tn\/fr\/wp-json\/wp\/v2\/media?parent=17244"}],"wp:term":[{"taxonomy":"category","embeddable":true,"href":"https:\/\/tunimedia.tn\/fr\/wp-json\/wp\/v2\/categories?post=17244"},{"taxonomy":"post_tag","embeddable":true,"href":"https:\/\/tunimedia.tn\/fr\/wp-json\/wp\/v2\/tags?post=17244"}],"curies":[{"name":"wp","href":"https:\/\/api.w.org\/{rel}","templated":true}]}}