{"id":17242,"date":"2021-10-12T10:45:49","date_gmt":"2021-10-12T10:45:49","guid":{"rendered":"https:\/\/www.tunimedia.tn\/fr\/tes-un-monstre-frerot-quand-lloris-senflamme-pour-benzema\/"},"modified":"2021-10-12T10:45:49","modified_gmt":"2021-10-12T10:45:49","slug":"tes-un-monstre-frerot-quand-lloris-senflamme-pour-benzema","status":"publish","type":"post","link":"https:\/\/tunimedia.tn\/fr\/tes-un-monstre-frerot-quand-lloris-senflamme-pour-benzema\/","title":{"rendered":"\u00ab\u00a0T&rsquo;es un monstre, fr\u00e9rot !\u00a0\u00bb, quand Lloris s&rsquo;enflamme pour Benzema"},"content":{"rendered":"<p> [ad_1]\n<\/p>\n<p>\nL&rsquo;\u00e9quipe de France s&rsquo;est offert un nouveau titre dimanche en remportant la Ligue des nations. Hugo Lloris et les Bleus se sont l\u00e2ch\u00e9s apr\u00e8s la rencontre. <\/p>\n<div>\n<p><strong><a href=\"https:\/\/www.football365.fr\/ligue-nations-finale-9992261.html\">Vainqueur de la Ligue des nations ce dimanche face \u00e0 l\u2019Espagne<\/a><\/strong>, l\u2019\u00e9quipe de France a ajout\u00e9 un nouveau titre \u00e0 sa <strong><a href=\"https:\/\/www.football365.fr\/les-bleus-une-exception-en-europe-9992401.html\">panoplie d\u00e9sormais in\u00e9gal\u00e9e en Europe<\/a><\/strong>. Au bout d\u2019un match tendu et une fois encore renversant, les Bleus ont pu laisser \u00e9clater leur joie, eux qui n\u2019avaient plus connu un tel bonheur depuis leur succ\u00e8s mondial en 2018. La F\u00e9d\u00e9ration fran\u00e7aise de football a diffus\u00e9 des images in\u00e9dites.<\/p>\n<blockquote>\n<p><strong>Lire aussi : <a title=\"Giroud sacr\u00e9, il tient sa revanche\" href=\"https:\/\/www.football365.fr\/giroud-sacre-il-tient-sa-revanche-9992407.html\">Giroud sacr\u00e9, il tient sa revanche<\/a><\/strong><\/p>\n<\/blockquote>\n<p>Une vid\u00e9o de plus de dix minutes qui retrace l\u2019avant-match et bien s\u00fbr, les moments de liesse et de partages juste apr\u00e8s le succ\u00e8s. <strong>Quelques s\u00e9quences savoureuses \u00e0 la clef, dont cette accolade chaleureuse entre les deux anciens de l\u2019OL, Hugo Lloris et Karim Benzema.<\/strong> \u00ab\u00a0<em>T\u2019es un monstre, fr\u00e9rot !<\/em>\u00ab\u00a0, a ainsi lanc\u00e9 le gardien \u00e0 l\u2019attaquant pour le f\u00e9liciter de sa prestation, et surtout de son bijou \u00e9galisateur envoy\u00e9 dans la lucarne espagnole.<\/p>\n<p><iframe loading=\"lazy\" title=\"Le film de la finale de l&#039;UEFA Nations League, Equipe de France I FFF 2021\" width=\"500\" height=\"281\" src=\"https:\/\/www.youtube.com\/embed\/avtPpUNaDV4?feature=oembed\" frameborder=\"0\" allow=\"accelerometer; autoplay; clipboard-write; encrypted-media; gyroscope; picture-in-picture; web-share\" referrerpolicy=\"strict-origin-when-cross-origin\" allowfullscreen><\/iframe><\/p>\n<p>Autre s\u00e9quence amusante, celle o\u00f9 Didier Deschamps plaisante sur le fait que <strong>les Bleus ne sont \u00ab\u00a0<em>pas habitu\u00e9s<\/em>\u00a0\u00bb \u00e0 gagner des titres<\/strong>. Kylian Mbapp\u00e9 confirme aussi que \u00ab\u00a0<em>cela fait du bien<\/em>\u00a0\u00bb d\u2019avoir glan\u00e9 ce titre et revient sur son but \u00ab\u00a0<em>propre<\/em>\u00a0\u00bb et surtout d\u00e9cisif.<\/p>\n<p><strong>A lire \u00e9galement : &gt;&gt;&gt; <a title=\"Classement Fifa : coup de froid pour les Bleus\" href=\"https:\/\/www.football365.fr\/classement-fifa-coup-de-froid-bleus-9992504.html\">Classement Fifa : coup de froid pour les Bleus<\/a><\/strong><br \/>\n<strong>A voir aussi : &gt;&gt;&gt; <\/strong><a title=\"Pavard, \u00e7a se tend chez les Bleus\" href=\"https:\/\/www.football365.fr\/pavard-ca-se-tend-chez-bleus-9992496.html\"><strong>Pavard, \u00e7a se tend chez les Bleus<\/strong><\/a> <\/div>\n[ad_2]\n<br \/><a href=\"https:\/\/www.football365.fr\/monstre-frerot-lloris-senflamme-benzema-9992526.html\">Source link <\/a><\/p>\n","protected":false},"excerpt":{"rendered":"<p>[ad_1] L&rsquo;\u00e9quipe de France s&rsquo;est offert un nouveau titre dimanche en remportant la Ligue des nations. Hugo Lloris et les Bleus se sont l\u00e2ch\u00e9s apr\u00e8s la rencontre. Vainqueur de la Ligue des nations ce dimanche face \u00e0 l\u2019Espagne, l\u2019\u00e9quipe de France a ajout\u00e9 un nouveau titre \u00e0 sa panoplie d\u00e9sormais in\u00e9gal\u00e9e en Europe. Au bout &hellip;<\/p>\n","protected":false},"author":1,"featured_media":17243,"comment_status":"open","ping_status":"open","sticky":false,"template":"","format":"standard","meta":{"_seopress_robots_primary_cat":"","_seopress_titles_title":"","_seopress_titles_desc":"","_seopress_robots_index":"","_jetpack_memberships_contains_paid_content":false,"footnotes":""},"categories":[350],"tags":[],"class_list":["post-17242","post","type-post","status-publish","format-standard","has-post-thumbnail","hentry","category-sport"],"jetpack_featured_media_url":"https:\/\/tunimedia.tn\/fr\/wp-content\/uploads\/2021\/10\/Karim-Benzema-Hugo-Lloris-France.jpg","jetpack_sharing_enabled":true,"amp_enabled":true,"_links":{"self":[{"href":"https:\/\/tunimedia.tn\/fr\/wp-json\/wp\/v2\/posts\/17242","targetHints":{"allow":["GET"]}}],"collection":[{"href":"https:\/\/tunimedia.tn\/fr\/wp-json\/wp\/v2\/posts"}],"about":[{"href":"https:\/\/tunimedia.tn\/fr\/wp-json\/wp\/v2\/types\/post"}],"author":[{"embeddable":true,"href":"https:\/\/tunimedia.tn\/fr\/wp-json\/wp\/v2\/users\/1"}],"replies":[{"embeddable":true,"href":"https:\/\/tunimedia.tn\/fr\/wp-json\/wp\/v2\/comments?post=17242"}],"version-history":[{"count":0,"href":"https:\/\/tunimedia.tn\/fr\/wp-json\/wp\/v2\/posts\/17242\/revisions"}],"wp:featuredmedia":[{"embeddable":true,"href":"https:\/\/tunimedia.tn\/fr\/wp-json\/wp\/v2\/media\/17243"}],"wp:attachment":[{"href":"https:\/\/tunimedia.tn\/fr\/wp-json\/wp\/v2\/media?parent=17242"}],"wp:term":[{"taxonomy":"category","embeddable":true,"href":"https:\/\/tunimedia.tn\/fr\/wp-json\/wp\/v2\/categories?post=17242"},{"taxonomy":"post_tag","embeddable":true,"href":"https:\/\/tunimedia.tn\/fr\/wp-json\/wp\/v2\/tags?post=17242"}],"curies":[{"name":"wp","href":"https:\/\/api.w.org\/{rel}","templated":true}]}}