{"id":15647,"date":"2021-09-21T11:03:26","date_gmt":"2021-09-21T11:03:26","guid":{"rendered":"https:\/\/www.tunimedia.tn\/fr\/messi-et-pochettino-la-grosse-explication\/"},"modified":"2021-09-21T11:03:26","modified_gmt":"2021-09-21T11:03:26","slug":"messi-et-pochettino-la-grosse-explication","status":"publish","type":"post","link":"https:\/\/tunimedia.tn\/fr\/messi-et-pochettino-la-grosse-explication\/","title":{"rendered":"Messi et Pochettino, la grosse explication"},"content":{"rendered":"<p> [ad_1]\n<\/p>\n<p>\nLeo Messi et Mauricio Pochettino se sont expliqu\u00e9s \u00e0 propos de la fameuse affaire du remplacement. <\/p>\n<div>\n<p>Un remplacement qui fait grincer des dents. Sorti \u00e0 un quart d\u2019heure de la fin contre Lyon, dimanche, <strong><a href=\"https:\/\/www.football365.fr\/affaire-messi-fausse-crise-9988744.html\">Leo Messi a tr\u00e8s peu appr\u00e9ci\u00e9 la d\u00e9cision de son compatriote et coach, Mauricio Pochettino<\/a><\/strong>. Le PSG a communiqu\u00e9 sur une petite alerte au genou pour le joueur pour expliquer ce choix. Les m\u00e9dias \u00e9voquent n\u00e9anmoins<a href=\"https:\/\/www.football365.fr\/affaire-messi-fausse-crise-9988744.html\"><strong> la th\u00e8se de la blessure diplomatique pour att\u00e9nuer la crise<\/strong><\/a>.<\/p>\n<h2><span style=\"color: #ff0000;\">Une explication qui cl\u00f4t l\u2019incident<\/span><\/h2>\n<p>On apprend ce mardi que Mauricio Pochettino et Lionel Messi se sont expliqu\u00e9s apr\u00e8s le fameux remplacement. Ainsi, selon des informations de <em>L\u2019Equipe<\/em> confirm\u00e9es par <em>RMC Sport<\/em>,<strong> il n\u2019y a aucun probl\u00e8me entre les deux hommes<\/strong>. L\u2019incident serait d\u2019ailleurs cl\u00f4t, selon ces sources.\u00a0Selon<em> L\u2019Equipe<\/em>, Messi est rest\u00e9 aux soins, lundi. Il devrait \u00eatre sur la pelouse, cemercredi \u00e0 Metz (21h), lors de la septi\u00e8me journ\u00e9e de Ligue 1<\/p>\n<\/div>\n[ad_2]\n<br \/><a href=\"https:\/\/www.football365.fr\/messi-pochettino-grosse-explication-9988761.html\">Source link <\/a><\/p>\n","protected":false},"excerpt":{"rendered":"<p>[ad_1] Leo Messi et Mauricio Pochettino se sont expliqu\u00e9s \u00e0 propos de la fameuse affaire du remplacement. Un remplacement qui fait grincer des dents. Sorti \u00e0 un quart d\u2019heure de la fin contre Lyon, dimanche, Leo Messi a tr\u00e8s peu appr\u00e9ci\u00e9 la d\u00e9cision de son compatriote et coach, Mauricio Pochettino. Le PSG a communiqu\u00e9 sur &hellip;<\/p>\n","protected":false},"author":1,"featured_media":15544,"comment_status":"open","ping_status":"open","sticky":false,"template":"","format":"standard","meta":{"_seopress_robots_primary_cat":"","_seopress_titles_title":"","_seopress_titles_desc":"","_seopress_robots_index":"","_jetpack_memberships_contains_paid_content":false,"footnotes":""},"categories":[350],"tags":[],"class_list":["post-15647","post","type-post","status-publish","format-standard","has-post-thumbnail","hentry","category-sport"],"jetpack_featured_media_url":"https:\/\/tunimedia.tn\/fr\/wp-content\/uploads\/2021\/09\/PANOPSGOL19092021.0861.jpg","jetpack_sharing_enabled":true,"amp_enabled":true,"_links":{"self":[{"href":"https:\/\/tunimedia.tn\/fr\/wp-json\/wp\/v2\/posts\/15647","targetHints":{"allow":["GET"]}}],"collection":[{"href":"https:\/\/tunimedia.tn\/fr\/wp-json\/wp\/v2\/posts"}],"about":[{"href":"https:\/\/tunimedia.tn\/fr\/wp-json\/wp\/v2\/types\/post"}],"author":[{"embeddable":true,"href":"https:\/\/tunimedia.tn\/fr\/wp-json\/wp\/v2\/users\/1"}],"replies":[{"embeddable":true,"href":"https:\/\/tunimedia.tn\/fr\/wp-json\/wp\/v2\/comments?post=15647"}],"version-history":[{"count":0,"href":"https:\/\/tunimedia.tn\/fr\/wp-json\/wp\/v2\/posts\/15647\/revisions"}],"wp:featuredmedia":[{"embeddable":true,"href":"https:\/\/tunimedia.tn\/fr\/wp-json\/wp\/v2\/media\/15544"}],"wp:attachment":[{"href":"https:\/\/tunimedia.tn\/fr\/wp-json\/wp\/v2\/media?parent=15647"}],"wp:term":[{"taxonomy":"category","embeddable":true,"href":"https:\/\/tunimedia.tn\/fr\/wp-json\/wp\/v2\/categories?post=15647"},{"taxonomy":"post_tag","embeddable":true,"href":"https:\/\/tunimedia.tn\/fr\/wp-json\/wp\/v2\/tags?post=15647"}],"curies":[{"name":"wp","href":"https:\/\/api.w.org\/{rel}","templated":true}]}}