{"id":13342,"date":"2021-08-21T18:23:44","date_gmt":"2021-08-21T18:23:44","guid":{"rendered":"https:\/\/www.tunimedia.tn\/fr\/lille-compos-officielles-gourvennec-fait-dans-la-nouveaute\/"},"modified":"2021-08-21T18:23:44","modified_gmt":"2021-08-21T18:23:44","slug":"lille-compos-officielles-gourvennec-fait-dans-la-nouveaute","status":"publish","type":"post","link":"https:\/\/tunimedia.tn\/fr\/lille-compos-officielles-gourvennec-fait-dans-la-nouveaute\/","title":{"rendered":"Lille, compos officielles : Gourvennec fait dans la nouveaut\u00e9"},"content":{"rendered":"<p> [ad_1]\n<\/p>\n<p>\nL&rsquo;AS Saint-Etienne accueille Lille ce samedi (21h, 3e journ\u00e9e de Ligue 1). D\u00e9couvrez la composition officielle des deux \u00e9quipes. <\/p>\n<div>\n<p>Champion de France en titre, le LOSC court toujours apr\u00e8s un premier succ\u00e8s cette saison. Apr\u00e8s un nul \u00e0 Metz (3-3) et une fess\u00e9e re\u00e7ue contre Nice (0-4), les Nordistes vont tenter de se r\u00e9veiller ce samedi (21h) du c\u00f4t\u00e9 de Geoffroy-Guichard. Les Verts restent quant \u00e0 eux sur deux nuls et esp\u00e8rent rester invaincus face aux Lillois.<\/p>\n<blockquote>\n<p><strong>Voir aussi : <a title=\"Mbapp\u00e9 \" href=\"https:\/\/www.football365.fr\/mbappe-manque-de-respect-au-psg-henry-tranche-9983428.html\">Mbapp\u00e9 \u00ab\u00a0manque de respect\u00a0\u00bb au PSG ? Henry tranche<\/a><\/strong><\/p>\n<\/blockquote>\n<p>Pour ce d\u00e9placement, Jocelyn Gourvennec propose un 4-4-2. Le coach du LOSC aligne la paire David-Yilmaz devant, avec Weah et Bamba sur les ailes au milieu de terrain. En d\u00e9fense, Reinildo prendra le cot\u00e9 gauche et Djalo le droit. Pr\u00eat\u00e9 par l\u2019Atl\u00e9tico de Madrid,<strong> Ivo Grbic effectuera ses grandes d\u00e9buts devant la cage<\/strong>.<\/p>\n<blockquote class=\"twitter-tweet\">\n<p dir=\"ltr\" lang=\"fr\">&#x1f534; Le 1&#x20e3;1&#x20e3; lillois vous est pr\u00e9sent\u00e9 par <a href=\"https:\/\/twitter.com\/Hello_Lille?ref_src=twsrc%5Etfw\">@Hello_Lille<\/a> &#x1f53d;<\/p>\n<p>Que pensez-vous de l\u2019\u00e9quipe align\u00e9e par Jocelyn Gourvennec ?<a href=\"https:\/\/twitter.com\/hashtag\/ASSELOSC?src=hash&amp;ref_src=twsrc%5Etfw\">#ASSELOSC<\/a> <a href=\"https:\/\/t.co\/OrVtEZxAA1\">pic.twitter.com\/OrVtEZxAA1<\/a><\/p>\n<p>\u2014 LOSC (@losclive) <a href=\"https:\/\/twitter.com\/losclive\/status\/1429142505040318465?ref_src=twsrc%5Etfw\">August 21, 2021<\/a><\/p>\n<\/blockquote>\n<blockquote class=\"twitter-tweet\">\n<p dir=\"ltr\" lang=\"fr\">&#x1f465; Le  du soir &#x1f525; ! <a href=\"https:\/\/twitter.com\/hashtag\/ASSELOSC?src=hash&amp;ref_src=twsrc%5Etfw\">#ASSELOSC<\/a> <a href=\"https:\/\/t.co\/Elv3nMB2r4\">pic.twitter.com\/Elv3nMB2r4<\/a><\/p>\n<p>\u2014 AS Saint-\u00c9tienne (@ASSEofficiel) <a href=\"https:\/\/twitter.com\/ASSEofficiel\/status\/1429141248091299843?ref_src=twsrc%5Etfw\">August 21, 2021<\/a><\/p>\n<\/blockquote>\n<p>C\u00f4t\u00e9 st\u00e9phanois, <strong>Claude Puel a opt\u00e9 pour un 4-3-3 avec Hamouma pr\u00e9f\u00e9r\u00e9 \u00e0 Nordin<\/strong> c\u00f4t\u00e9 droit de l\u2019attaque. Khazri et Bouanga compl\u00e8tement le trio offensif. Pour le reste, pas de surprise particuli\u00e8re avec le capitaine Camara pr\u00e9sent au milieu, ou encore Moukoudi en d\u00e9fense centrale.<\/p>\n<p><strong>A lire \u00e9galement : &gt;&gt;&gt; <a title=\"Lionel Messi, la chaude accusation\" href=\"https:\/\/www.football365.fr\/lionel-messi-chaude-accusation-9983412.html\">Lionel Messi, la chaude accusation<\/a><\/strong> <\/div>\n<p><script async src=\"\/\/platform.twitter.com\/widgets.js\" charset=\"utf-8\"><\/script><br \/>\n<br \/>[ad_2]\n<br \/><a href=\"https:\/\/www.football365.fr\/asse-lille-compos-officielles-gourvennec-fait-dans-la-nouveaute-9983448.html\">Source link <\/a><\/p>\n","protected":false},"excerpt":{"rendered":"<p>[ad_1] L&rsquo;AS Saint-Etienne accueille Lille ce samedi (21h, 3e journ\u00e9e de Ligue 1). D\u00e9couvrez la composition officielle des deux \u00e9quipes. Champion de France en titre, le LOSC court toujours apr\u00e8s un premier succ\u00e8s cette saison. Apr\u00e8s un nul \u00e0 Metz (3-3) et une fess\u00e9e re\u00e7ue contre Nice (0-4), les Nordistes vont tenter de se r\u00e9veiller &hellip;<\/p>\n","protected":false},"author":1,"featured_media":13343,"comment_status":"open","ping_status":"open","sticky":false,"template":"","format":"standard","meta":{"_seopress_robots_primary_cat":"","_seopress_titles_title":"","_seopress_titles_desc":"","_seopress_robots_index":"","_jetpack_memberships_contains_paid_content":false,"footnotes":""},"categories":[350],"tags":[],"class_list":["post-13342","post","type-post","status-publish","format-standard","has-post-thumbnail","hentry","category-sport"],"jetpack_featured_media_url":"https:\/\/tunimedia.tn\/fr\/wp-content\/uploads\/2021\/08\/Jocelyn-Gourvennec-Lille.jpg","jetpack_sharing_enabled":true,"amp_enabled":true,"_links":{"self":[{"href":"https:\/\/tunimedia.tn\/fr\/wp-json\/wp\/v2\/posts\/13342","targetHints":{"allow":["GET"]}}],"collection":[{"href":"https:\/\/tunimedia.tn\/fr\/wp-json\/wp\/v2\/posts"}],"about":[{"href":"https:\/\/tunimedia.tn\/fr\/wp-json\/wp\/v2\/types\/post"}],"author":[{"embeddable":true,"href":"https:\/\/tunimedia.tn\/fr\/wp-json\/wp\/v2\/users\/1"}],"replies":[{"embeddable":true,"href":"https:\/\/tunimedia.tn\/fr\/wp-json\/wp\/v2\/comments?post=13342"}],"version-history":[{"count":0,"href":"https:\/\/tunimedia.tn\/fr\/wp-json\/wp\/v2\/posts\/13342\/revisions"}],"wp:featuredmedia":[{"embeddable":true,"href":"https:\/\/tunimedia.tn\/fr\/wp-json\/wp\/v2\/media\/13343"}],"wp:attachment":[{"href":"https:\/\/tunimedia.tn\/fr\/wp-json\/wp\/v2\/media?parent=13342"}],"wp:term":[{"taxonomy":"category","embeddable":true,"href":"https:\/\/tunimedia.tn\/fr\/wp-json\/wp\/v2\/categories?post=13342"},{"taxonomy":"post_tag","embeddable":true,"href":"https:\/\/tunimedia.tn\/fr\/wp-json\/wp\/v2\/tags?post=13342"}],"curies":[{"name":"wp","href":"https:\/\/api.w.org\/{rel}","templated":true}]}}