{"id":1263,"date":"2017-12-18T14:22:55","date_gmt":"2017-12-18T14:22:55","guid":{"rendered":"http:\/\/www.tunimedia.tn\/fr\/?p=1263"},"modified":"2017-12-18T14:22:55","modified_gmt":"2017-12-18T14:22:55","slug":"yassine-brahim-je-ne-vois-pas-pourquoi-je-devrai-quitter-afek","status":"publish","type":"post","link":"https:\/\/tunimedia.tn\/fr\/yassine-brahim-je-ne-vois-pas-pourquoi-je-devrai-quitter-afek\/","title":{"rendered":"Yassine Brahim : Je ne vois pas pourquoi je devrai quitter Afek !"},"content":{"rendered":"<p>Yassine Brahim : Je ne vois pas pourquoi je devrai quitter Afek ! <\/p>\n<p>publi\u00e9 le 18\/12\/2017 <\/p>\n<p>Le pr\u00e9sident d\u2019Afek Tounes, Yassine Brahim a \u00e9t\u00e9 l\u2019invit\u00e9 de Wassim Ben Larbi sur Express FM, ce matin du lundi 18 d\u00e9cembre 2017, pour revenir sur la d\u00e9cision prise par le Conseil national pour quitter le gouvernement et l\u2019Accord de Carthage.<\/p>\n<p>Le pr\u00e9sident d\u2019Afek Tounes a pr\u00e9cis\u00e9 que la d\u00e9cision de se retirer du gouvernement a \u00e9t\u00e9 prise parce que les deux partis au pouvoir ont d\u00e9laiss\u00e9 l\u2019Accord de Carthage en se lan\u00e7ant dans une alliance strat\u00e9gique, qui ressemble plus \u00e0 une alliance pour couvrir la corruption. Ils se sont, par la suite, ralli\u00e9s avec un troisi\u00e8me parti qui a d\u00e9j\u00e0 rompu avec cet accord, \u00ab&nbsp; Nous ne sommes plus dans un esprit d\u2019union nationale, ni de consensus. Sur le plan \u00e9conomique, les choses ne vont pas mieux, la loi de Finances 2018 est une loi pour prot\u00e9ger le commerce parall\u00e8le \u00bb.<\/p>\n<p>Revenant sur les d\u00e9veloppements au sein d\u2019Afek, il a indiqu\u00e9, que la d\u00e9cision de quitter le gouvernement a \u00e9t\u00e9 prise par les institutions du parti et soumise au vote, soulignant que cette d\u00e9cision a \u00e9t\u00e9 vot\u00e9e par 75% des pr\u00e9sents. \u00ab&nbsp; Malgr\u00e9 le fait que certaines personnes ont quitt\u00e9 la salle avant le d\u00e9marrage du vote, 75% ont assist\u00e9 et ont approuv\u00e9 notre retrait \u00bb.<\/p>\n<p>M. Brahim a indiqu\u00e9, \u00e9galement, que \u00ab les r\u00e9sultats des derni\u00e8res \u00e9lections l\u00e9gislatives partielles en Allemagne ont d\u00e9montr\u00e9 le refus des Tunisiens de l\u2019alliance entre Nidaa Tounes et Ennahdha. De ce fait, nous devons cr\u00e9er une entit\u00e9 centriste qui pourrait redonner l\u2019espoir aux Tunisiens \u00bb.<\/p>\n<p>Par ailleurs, il a indiqu\u00e9 qu\u2019il n\u2019envisage pas de quitter Afek Tounes, puisqu\u2019il a \u00e9t\u00e9 \u00e9lu par les institutions du parti. \u00ab&nbsp; Je ne vois pas pourquoi je devrai quitter Afek Tounes. Nous sommes un parti institutionnel, et tous les sympathisants du parti devront se conformer aux d\u00e9cisions prises. Les conflits et autres divergences, on peut les discuter en interne \u00bb.<\/p>\n<p><a href=\"http:\/\/www.tunimedia.tn\/fr\/wp-content\/uploads\/2017\/12\/wp-1513607177595.jpg\"><img decoding=\"async\" title=\"wp-1513607177595\" class=\"alignnone size-full\"  alt=\"image\" src=\"http:\/\/www.tunimedia.tn\/fr\/wp-content\/uploads\/2017\/12\/wp-1513607177595.jpg\" \/><\/a><\/p>\n","protected":false},"excerpt":{"rendered":"<p>Yassine Brahim : Je ne vois pas pourquoi je devrai quitter Afek !<\/p>\n","protected":false},"author":1,"featured_media":1262,"comment_status":"open","ping_status":"open","sticky":false,"template":"","format":"standard","meta":{"_seopress_robots_primary_cat":"","_seopress_titles_title":"","_seopress_titles_desc":"","_seopress_robots_index":"","_jetpack_memberships_contains_paid_content":false,"footnotes":""},"categories":[3],"tags":[],"class_list":["post-1263","post","type-post","status-publish","format-standard","has-post-thumbnail","hentry","category-tunisie"],"jetpack_featured_media_url":"https:\/\/tunimedia.tn\/fr\/wp-content\/uploads\/2017\/12\/wp-1513607177595.jpg","jetpack_sharing_enabled":true,"amp_enabled":true,"_links":{"self":[{"href":"https:\/\/tunimedia.tn\/fr\/wp-json\/wp\/v2\/posts\/1263","targetHints":{"allow":["GET"]}}],"collection":[{"href":"https:\/\/tunimedia.tn\/fr\/wp-json\/wp\/v2\/posts"}],"about":[{"href":"https:\/\/tunimedia.tn\/fr\/wp-json\/wp\/v2\/types\/post"}],"author":[{"embeddable":true,"href":"https:\/\/tunimedia.tn\/fr\/wp-json\/wp\/v2\/users\/1"}],"replies":[{"embeddable":true,"href":"https:\/\/tunimedia.tn\/fr\/wp-json\/wp\/v2\/comments?post=1263"}],"version-history":[{"count":1,"href":"https:\/\/tunimedia.tn\/fr\/wp-json\/wp\/v2\/posts\/1263\/revisions"}],"predecessor-version":[{"id":1264,"href":"https:\/\/tunimedia.tn\/fr\/wp-json\/wp\/v2\/posts\/1263\/revisions\/1264"}],"wp:featuredmedia":[{"embeddable":true,"href":"https:\/\/tunimedia.tn\/fr\/wp-json\/wp\/v2\/media\/1262"}],"wp:attachment":[{"href":"https:\/\/tunimedia.tn\/fr\/wp-json\/wp\/v2\/media?parent=1263"}],"wp:term":[{"taxonomy":"category","embeddable":true,"href":"https:\/\/tunimedia.tn\/fr\/wp-json\/wp\/v2\/categories?post=1263"},{"taxonomy":"post_tag","embeddable":true,"href":"https:\/\/tunimedia.tn\/fr\/wp-json\/wp\/v2\/tags?post=1263"}],"curies":[{"name":"wp","href":"https:\/\/api.w.org\/{rel}","templated":true}]}}