{"id":12020,"date":"2021-08-02T20:53:08","date_gmt":"2021-08-02T20:53:08","guid":{"rendered":"http:\/\/www.tunimedia.tn\/fr\/jean-lucas-sengage-a-monaco\/"},"modified":"2021-08-02T20:53:08","modified_gmt":"2021-08-02T20:53:08","slug":"jean-lucas-sengage-a-monaco","status":"publish","type":"post","link":"https:\/\/tunimedia.tn\/fr\/jean-lucas-sengage-a-monaco\/","title":{"rendered":"Jean Lucas s&rsquo;engage \u00e0 Monaco"},"content":{"rendered":"<p> [ad_1]\n<\/p>\n<p>\nC&rsquo;est officiel, jean Lucas s&rsquo;engage \u00e0 Monaco. Le club a communiqu\u00e9 son arriv\u00e9e. <\/p>\n<div>\n<p><strong>C\u2019est fait !\u00a0 Jean Lucas est rejoint Monaco. Le club princier et l\u2019Olympique Lyonnais ont confirm\u00e9 la nouvelle ce lundi soir.<\/strong> Le joueur de 23 ans a sign\u00e9 pour cinq ans avec son nouveau club, soit jusqu\u2019en juin 2026. Il avait \u00e9t\u00e9 pr\u00eat\u00e9 \u00e0 Brest en janvier dernier et avait assez peu jou\u00e9 avec Lyon. Un nouveau d\u00e9fi s\u2019offre \u00e0 lui, d\u00e9sormais.<\/p>\n<h2><span style=\"color: #ff0000;\">Un transfert \u00e0 12M\u20ac<\/span><\/h2>\n<p><strong>\u00ab\u00a0L\u2019Olympique Lyonnais informe du transfert de son milieu de terrain Jean Lucas \u00e0 Monaco pour un montant de 12\u00a0M\u20ac,\u00a0dont 1M\u20ac de bonus,\u00a0ainsi qu\u2019un int\u00e9ressement de 15% sur une \u00e9ventuelle plus-value future\u00a0\u00bb,<\/strong> peut on ainsi lire sur le communiqu\u00e9 officiel de l\u2019OL. \u00ab\u00a0Je suis fier de rejoindre l\u2019AS Monaco, un des plus grands clubs du Championnat de France, a confi\u00e9 pour sa part le joueur sur le site\u00a0 de l\u2019AS Monaco. Le Club a r\u00e9ussi une tr\u00e8s belle saison et va lutter pour participer \u00e0 la phase de groupe de Ligue des Champions. Je suis heureux d\u2019avoir l\u2019opportunit\u00e9 de contribuer \u00e0 cette dynamique. M\u2019engager ici, dans ce projet, est une tr\u00e8s bonne opportunit\u00e9 pour moi, pour continuer \u00e0 franchir des \u00e9tapes. Je tiens \u00e0 remercier le Club pour la confiance accord\u00e9e, j\u2019ai h\u00e2te de montrer toute ma d\u00e9termination sous mes nouvelles couleurs.\u00a0\u00bb<\/p>\n<p><strong>\u00a0<\/strong><\/p>\n<\/div>\n[ad_2]\n<br \/><a href=\"https:\/\/www.football365.fr\/jean-lucas-sengage-a-monaco-9980723.html\">Source link <\/a><\/p>\n","protected":false},"excerpt":{"rendered":"<p>[ad_1] C&rsquo;est officiel, jean Lucas s&rsquo;engage \u00e0 Monaco. Le club a communiqu\u00e9 son arriv\u00e9e. C\u2019est fait !\u00a0 Jean Lucas est rejoint Monaco. Le club princier et l\u2019Olympique Lyonnais ont confirm\u00e9 la nouvelle ce lundi soir. Le joueur de 23 ans a sign\u00e9 pour cinq ans avec son nouveau club, soit jusqu\u2019en juin 2026. Il avait &hellip;<\/p>\n","protected":false},"author":1,"featured_media":12021,"comment_status":"open","ping_status":"open","sticky":false,"template":"","format":"standard","meta":{"_seopress_robots_primary_cat":"","_seopress_titles_title":"","_seopress_titles_desc":"","_seopress_robots_index":"","_jetpack_memberships_contains_paid_content":false,"footnotes":""},"categories":[350],"tags":[],"class_list":["post-12020","post","type-post","status-publish","format-standard","has-post-thumbnail","hentry","category-sport"],"jetpack_featured_media_url":"https:\/\/tunimedia.tn\/fr\/wp-content\/uploads\/2021\/08\/panoramic_PLLOLY27092020_211.jpg","jetpack_sharing_enabled":true,"amp_enabled":true,"_links":{"self":[{"href":"https:\/\/tunimedia.tn\/fr\/wp-json\/wp\/v2\/posts\/12020","targetHints":{"allow":["GET"]}}],"collection":[{"href":"https:\/\/tunimedia.tn\/fr\/wp-json\/wp\/v2\/posts"}],"about":[{"href":"https:\/\/tunimedia.tn\/fr\/wp-json\/wp\/v2\/types\/post"}],"author":[{"embeddable":true,"href":"https:\/\/tunimedia.tn\/fr\/wp-json\/wp\/v2\/users\/1"}],"replies":[{"embeddable":true,"href":"https:\/\/tunimedia.tn\/fr\/wp-json\/wp\/v2\/comments?post=12020"}],"version-history":[{"count":0,"href":"https:\/\/tunimedia.tn\/fr\/wp-json\/wp\/v2\/posts\/12020\/revisions"}],"wp:featuredmedia":[{"embeddable":true,"href":"https:\/\/tunimedia.tn\/fr\/wp-json\/wp\/v2\/media\/12021"}],"wp:attachment":[{"href":"https:\/\/tunimedia.tn\/fr\/wp-json\/wp\/v2\/media?parent=12020"}],"wp:term":[{"taxonomy":"category","embeddable":true,"href":"https:\/\/tunimedia.tn\/fr\/wp-json\/wp\/v2\/categories?post=12020"},{"taxonomy":"post_tag","embeddable":true,"href":"https:\/\/tunimedia.tn\/fr\/wp-json\/wp\/v2\/tags?post=12020"}],"curies":[{"name":"wp","href":"https:\/\/api.w.org\/{rel}","templated":true}]}}