{"id":103476,"date":"2025-07-11T13:18:39","date_gmt":"2025-07-11T13:18:39","guid":{"rendered":"http:\/\/www.tunimedia.tn\/fr\/je-me-souviendrai-toujours-modric-devoile-son-meilleur-souvenir-au-real-madrid\/"},"modified":"2025-07-11T13:18:39","modified_gmt":"2025-07-11T13:18:39","slug":"je-me-souviendrai-toujours-modric-devoile-son-meilleur-souvenir-au-real-madrid","status":"publish","type":"post","link":"https:\/\/tunimedia.tn\/fr\/je-me-souviendrai-toujours-modric-devoile-son-meilleur-souvenir-au-real-madrid\/","title":{"rendered":"\u00ab\u00a0Je me souviendrai toujours\u00a0\u00bb, Modric d\u00e9voile son meilleur souvenir au Real Madrid !"},"content":{"rendered":"<p> [ad_1]\n<br \/><img decoding=\"async\" src=\"https:\/\/cdn.football365.fr\/wp-content\/uploads\/se\/2025\/07\/ICONSPORT_264083_0289-1.jpg\" \/><\/p>\n<p>\u00c7a y est c&rsquo;est d\u00e9sormais act\u00e9. Luka<br \/>\nModric a disput\u00e9 son dernier match avec le Real Madrid ce mercredi<br \/>\nsoir lors de la demi-finale de la Coupe du monde des clubs face au<br \/>\nParis Saint-Germain (0-4).<\/p>\n<div>\n<p>Entr\u00e9 en jeu en fin de match, le futur ex-num\u00e9ro 10 des<br \/>\nMerengues n\u2019a rien pu faire face \u00e0 la sup\u00e9riorit\u00e9 des Parisiens<br \/>\ndans cette partie.<\/p>\n<p>Sur le site officiel du Real Madrid, le Ballon d\u2019Or 2018 a<br \/>\naccord\u00e9 un entretien au club. Le maestro est revenu sur ses belles<br \/>\nann\u00e9es pass\u00e9es au club et a \u00e9voqu\u00e9 son meilleur souvenir au sein de<br \/>\nla Casa Blanca.<\/p>\n<p>\u00ab\u00a0<em>Je me souviendrai toujours de la Decima<\/em>\u00a0(la<br \/>\ndixi\u00e8me C1 remport\u00e9e par les Merengues). <em>C\u2019est l\u00e0 qu\u2019a commenc\u00e9<br \/>\nnotre domination, qui nous a permis de remporter six Ligues des<br \/>\nchampions en dix ans. La mani\u00e8re dont on a gagn\u00e9 ce match refl\u00e8te<br \/>\nparfaitement la philosophie du Real Madrid : ne jamais rendre les<br \/>\narmes, y croire jusqu\u2019au bout. Je n\u2019oublierai jamais les<br \/>\nc\u00e9l\u00e9brations apr\u00e8s cette victoire, je souris \u00e0 chaque fois que j\u2019y<br \/>\npense,\u00a0\u00bb<\/em> a-t-il lanc\u00e9 sur le site officiel du club.<\/p>\n<p><video width=\"100%\" height=\"360px\" controls=\"\" id=\"player_f90595b704932216ca540f99fb95710a\" preload=\"auto\" class=\"video-js vjs-default-skin vjs-big-play-centered\" style=\"display:block; text-align: center; margin-bottom: 4px;\" poster=\"https:\/\/img.youtube.com\/vi\/Rc53dNT9oBo\/maxresdefault.jpg\"\/><\/p>\n<p>Avant de poursuivre : \u00ab\u00a0<em>J\u2019aimerais qu\u2019on se souvienne<br \/>\nde moi comme d\u2019une bonne personne, et comme un joueur qui a<br \/>\ntoujours tout donn\u00e9 pour ce maillot, qui a toujours respect\u00e9 tout<br \/>\nle monde, adversaires, co\u00e9quipiers et supporters.\u00a0\u00bb<\/em><\/p>\n<h2><strong>Bient\u00f4t officialis\u00e9 \u00e0 l\u2019AC Milan ?\u00a0<\/strong><\/h2>\n<p>Arriv\u00e9 \u00e0 l\u2019\u00e9t\u00e9 2013 au sein de l\u2019effectif du Real Madrid, Luka<br \/>\nModric va connaitre un dernier challenge dans sa carri\u00e8re \u00e0 l\u2019\u00e2ge<br \/>\nde 39 ans. Le vice-champion du monde 2018 va sauf retournement de<br \/>\nsituation poursuivre sa carri\u00e8re en Italie et plus particuli\u00e8rement<br \/>\n\u00e0 l\u2019AC Milan.<\/p>\n<p>Le Croate va amener son exp\u00e9rience \u00e0 un effectif qui peine \u00e0 se<br \/>\nmontrer r\u00e9gulier tout au long d\u2019une saison. Il devrait s\u2019engager<br \/>\npour les deux prochaines saisons avec le club lombard. Affaire \u00e0<br \/>\nsuivre\u2026<\/p>\n<\/div>\n[ad_2]\n<br \/><a href=\"https:\/\/www.football365.fr\/je-me-souviendrai-toujours-modric-devoile-son-meilleur-souvenir-au-real-madrid-10245873.html?utm_source=rss_feed&#038;utm_medium=link&#038;utm_campaign=unknown\">Source link <\/a><\/p>\n","protected":false},"excerpt":{"rendered":"<p>[ad_1] \u00c7a y est c&rsquo;est d\u00e9sormais act\u00e9. Luka Modric a disput\u00e9 son dernier match avec le Real Madrid ce mercredi soir lors de la demi-finale de la Coupe du monde des clubs face au Paris Saint-Germain (0-4). Entr\u00e9 en jeu en fin de match, le futur ex-num\u00e9ro 10 des Merengues n\u2019a rien pu faire face &hellip;<\/p>\n","protected":false},"author":1,"featured_media":103477,"comment_status":"open","ping_status":"open","sticky":false,"template":"","format":"standard","meta":{"_seopress_robots_primary_cat":"0","_seopress_titles_title":"","_seopress_titles_desc":"","_seopress_robots_index":"","_jetpack_memberships_contains_paid_content":false,"footnotes":""},"categories":[350],"tags":[],"class_list":["post-103476","post","type-post","status-publish","format-standard","has-post-thumbnail","hentry","category-sport"],"jetpack_featured_media_url":"https:\/\/tunimedia.tn\/fr\/wp-content\/uploads\/2025\/07\/ICONSPORT_264083_0289-1.jpg","jetpack_sharing_enabled":true,"amp_enabled":true,"_links":{"self":[{"href":"https:\/\/tunimedia.tn\/fr\/wp-json\/wp\/v2\/posts\/103476","targetHints":{"allow":["GET"]}}],"collection":[{"href":"https:\/\/tunimedia.tn\/fr\/wp-json\/wp\/v2\/posts"}],"about":[{"href":"https:\/\/tunimedia.tn\/fr\/wp-json\/wp\/v2\/types\/post"}],"author":[{"embeddable":true,"href":"https:\/\/tunimedia.tn\/fr\/wp-json\/wp\/v2\/users\/1"}],"replies":[{"embeddable":true,"href":"https:\/\/tunimedia.tn\/fr\/wp-json\/wp\/v2\/comments?post=103476"}],"version-history":[{"count":0,"href":"https:\/\/tunimedia.tn\/fr\/wp-json\/wp\/v2\/posts\/103476\/revisions"}],"wp:featuredmedia":[{"embeddable":true,"href":"https:\/\/tunimedia.tn\/fr\/wp-json\/wp\/v2\/media\/103477"}],"wp:attachment":[{"href":"https:\/\/tunimedia.tn\/fr\/wp-json\/wp\/v2\/media?parent=103476"}],"wp:term":[{"taxonomy":"category","embeddable":true,"href":"https:\/\/tunimedia.tn\/fr\/wp-json\/wp\/v2\/categories?post=103476"},{"taxonomy":"post_tag","embeddable":true,"href":"https:\/\/tunimedia.tn\/fr\/wp-json\/wp\/v2\/tags?post=103476"}],"curies":[{"name":"wp","href":"https:\/\/api.w.org\/{rel}","templated":true}]}}