{"id":102512,"date":"2025-06-27T11:52:24","date_gmt":"2025-06-27T11:52:24","guid":{"rendered":"https:\/\/www.tunimedia.tn\/fr\/tchouameni-la-question-psg-qui-agace\/"},"modified":"2025-06-27T11:52:24","modified_gmt":"2025-06-27T11:52:24","slug":"tchouameni-la-question-psg-qui-agace","status":"publish","type":"post","link":"https:\/\/tunimedia.tn\/fr\/tchouameni-la-question-psg-qui-agace\/","title":{"rendered":"Tchouam\u00e9ni, la question PSG qui agace"},"content":{"rendered":"<p> [ad_1]\n<br \/><img decoding=\"async\" src=\"https:\/\/cdn.football365.fr\/wp-content\/uploads\/se\/2025\/06\/ICONSPORT_263150_0038.jpg\" \/><\/p>\n<p>Interrog\u00e9 sur une \u00e9ventuelle demi-finale<br \/>\nface au PSG, Aur\u00e9lien Tchouam\u00e9ni n\u2019a pas masqu\u00e9 son agacement,<br \/>\nrecentrant le d\u00e9bat sur l\u2019essentiel.<\/p>\n<div>\n<p data-start=\"267\" data-end=\"758\">Aur\u00e9lien Tchouam\u00e9ni a connu un<br \/>\nmoment de tension inattendu, jeudi soir, \u00e0 l\u2019issue de la victoire<br \/>\nconvaincante du Real Madrid contre Salzbourg (3-0) lors de la Coupe<br \/>\ndu monde des clubs. Auteur d\u2019un match plein, le milieu fran\u00e7ais a<br \/>\n\u00e9t\u00e9 confront\u00e9 \u00e0 une question qui, manifestement, ne lui a pas plu.<br \/>\nSollicit\u00e9 par un journaliste sur la perspective d\u2019une demi-finale<br \/>\ncontre le PSG, le joueur madril\u00e8ne a affich\u00e9 un \u00e9tonnement<br \/>\npalpable, laissant entrevoir un agacement rarement observ\u00e9 chez<br \/>\nlui.<\/p>\n<p data-start=\"760\" data-end=\"1438\">Ce n\u2019est qu\u2019au deuxi\u00e8me<br \/>\nparagraphe que l\u2019on comprend la nature de cette r\u00e9action :<br \/>\n<em>\u00ab\u00a0Tu penses vraiment que je vais te dire oui, sinc\u00e8rement<br \/>\n?\u00a0\u00bb<\/em> a-t-il r\u00e9pondu, esquissant un sourire ironique. Pour<br \/>\nTchouam\u00e9ni, inutile de se projeter aussi loin. <em>\u00ab\u00a0Le plus<br \/>\nimportant, c\u2019est le prochain match. On joue contre la Juventus, une<br \/>\ntop \u00e9quipe europ\u00e9enne et mondiale. Il va falloir qu\u2019on se<br \/>\npr\u00e9pare.<\/em>\u00a0\u00bb Un rappel de rigueur professionnelle et de<br \/>\nconcentration qui en dit long sur la mentalit\u00e9 du vestiaire<br \/>\nmadril\u00e8ne \u00e0 l\u2019approche des huiti\u00e8mes de finale. La tentation de<br \/>\nregarder plus loin dans le tableau n\u2019a pas sa place au Real,<br \/>\nsurtout quand chaque rencontre peut faire basculer une saison.<\/p>\n<h2 data-start=\"1440\" data-end=\"1479\">Priorit\u00e9 \u00e0 la Juve, le PSG<br \/>\nattendra<\/h2>\n<p data-start=\"1481\" data-end=\"2029\">Dans son discours, l\u2019ancien<br \/>\nBordelais a insist\u00e9 sur la n\u00e9cessit\u00e9 de prendre les matchs un par<br \/>\nun : <em>\u00ab\u00a0Chaque match est une finale.\u00a0\u00bb<\/em> Le Real<br \/>\nMadrid, qui affrontera la Juventus en huiti\u00e8me, n\u2019a pas d\u2019autre<br \/>\npriorit\u00e9. Tchouam\u00e9ni, repositionn\u00e9 dans une d\u00e9fense \u00e0 trois o\u00f9 il<br \/>\nsemble de plus en plus \u00e0 l\u2019aise, a salu\u00e9 la solidit\u00e9 collective<br \/>\naffich\u00e9e contre Salzbourg <em>: \u00ab\u00a0L\u2019\u00e9quipe a fait un super<br \/>\nmatch, tout le monde s\u2019en est bien senti, on a r\u00e9ussi \u00e0 \u00eatre<br \/>\ncompact, \u00e0 se cr\u00e9er des occasions. Il y a de la fluidit\u00e9 dans notre<br \/>\njeu, il faut continuer comme \u00e7a.\u00a0\u00bb<\/em><\/p>\n<p data-start=\"2082\" data-end=\"2580\">Si l\u2019on peut saluer le<br \/>\nprofessionnalisme affich\u00e9 par Tchouam\u00e9ni, certains y verront une<br \/>\nforme d\u2019agacement \u00e0 l\u2019id\u00e9e de voir le nom du PSG sans cesse accol\u00e9<br \/>\n\u00e0 celui du Real Madrid, surtout apr\u00e8s le sacre europ\u00e9en des<br \/>\nParisiens. Pour rappel, <a href=\"https:\/\/www.goal.com\/fr\/listes\/mercato-l-offre-derisoire-du-psg-au-real-madrid-pour-aurelien-tchouameni\/blt9d655684b81cc584\"><br \/>\nle nom de Tchouam\u00e9ni a souvent circul\u00e9 du c\u00f4t\u00e9 de Paris,<\/a> sans<br \/>\nque cela ne d\u00e9bouche jamais sur un transfert. Faut-il y voir une<br \/>\npointe de jalousie, ou tout simplement la volont\u00e9 d\u2019un joueur de ne<br \/>\npas c\u00e9der \u00e0 la pression m\u00e9diatique ? Chacun se fera son<br \/>\nopinion.<\/p>\n<h2 data-start=\"2582\" data-end=\"2620\">Tchouam\u00e9ni encourage<br \/>\nMbapp\u00e9<\/h2>\n<p data-start=\"2622\" data-end=\"3056\">Pour la prochaine affiche<br \/>\ncontre la Juventus, le Real esp\u00e8re compter sur Kylian Mbapp\u00e9,<br \/>\n<a href=\"https:\/\/www.football365.fr\/quand-est-ce-que-mbappe-va-rejouer-avec-le-real-madrid-10244028.html\"><br \/>\ntoujours absent apr\u00e8s avoir souffert d\u2019une gastro-ent\u00e9rite<\/a>.<br \/>\nTchouam\u00e9ni l\u2019a rappel\u00e9 <em>: \u00ab\u00a0Il va nous apporter du Kylian<br \/>\nMbapp\u00e9, c\u2019est l\u2019un des meilleurs joueurs du monde. \u00c0 chaque moment,<br \/>\nil peut faire la diff\u00e9rence, on l\u2019attend avec<br \/>\nimpatience.\u00a0\u00bb<\/em> Une perspective qui devrait rassurer les<br \/>\nsupporters madril\u00e8nes \u00e0 l\u2019heure d\u2019aborder la phase \u00e0 \u00e9limination<br \/>\ndirecte.<\/p>\n<\/div>\n[ad_2]\n<br \/><a href=\"https:\/\/www.football365.fr\/tchouameni-la-question-psg-qui-agace-10244170.html?utm_source=rss_feed&#038;utm_medium=link&#038;utm_campaign=unknown\">Source link <\/a><\/p>\n","protected":false},"excerpt":{"rendered":"<p>[ad_1] Interrog\u00e9 sur une \u00e9ventuelle demi-finale face au PSG, Aur\u00e9lien Tchouam\u00e9ni n\u2019a pas masqu\u00e9 son agacement, recentrant le d\u00e9bat sur l\u2019essentiel. Aur\u00e9lien Tchouam\u00e9ni a connu un moment de tension inattendu, jeudi soir, \u00e0 l\u2019issue de la victoire convaincante du Real Madrid contre Salzbourg (3-0) lors de la Coupe du monde des clubs. Auteur d\u2019un match &hellip;<\/p>\n","protected":false},"author":1,"featured_media":102513,"comment_status":"open","ping_status":"open","sticky":false,"template":"","format":"standard","meta":{"_seopress_robots_primary_cat":"0","_seopress_titles_title":"","_seopress_titles_desc":"","_seopress_robots_index":"","_jetpack_memberships_contains_paid_content":false,"footnotes":""},"categories":[350],"tags":[],"class_list":["post-102512","post","type-post","status-publish","format-standard","has-post-thumbnail","hentry","category-sport"],"jetpack_featured_media_url":"https:\/\/tunimedia.tn\/fr\/wp-content\/uploads\/2025\/06\/ICONSPORT_263150_0038.jpg","jetpack_sharing_enabled":true,"amp_enabled":true,"_links":{"self":[{"href":"https:\/\/tunimedia.tn\/fr\/wp-json\/wp\/v2\/posts\/102512","targetHints":{"allow":["GET"]}}],"collection":[{"href":"https:\/\/tunimedia.tn\/fr\/wp-json\/wp\/v2\/posts"}],"about":[{"href":"https:\/\/tunimedia.tn\/fr\/wp-json\/wp\/v2\/types\/post"}],"author":[{"embeddable":true,"href":"https:\/\/tunimedia.tn\/fr\/wp-json\/wp\/v2\/users\/1"}],"replies":[{"embeddable":true,"href":"https:\/\/tunimedia.tn\/fr\/wp-json\/wp\/v2\/comments?post=102512"}],"version-history":[{"count":0,"href":"https:\/\/tunimedia.tn\/fr\/wp-json\/wp\/v2\/posts\/102512\/revisions"}],"wp:featuredmedia":[{"embeddable":true,"href":"https:\/\/tunimedia.tn\/fr\/wp-json\/wp\/v2\/media\/102513"}],"wp:attachment":[{"href":"https:\/\/tunimedia.tn\/fr\/wp-json\/wp\/v2\/media?parent=102512"}],"wp:term":[{"taxonomy":"category","embeddable":true,"href":"https:\/\/tunimedia.tn\/fr\/wp-json\/wp\/v2\/categories?post=102512"},{"taxonomy":"post_tag","embeddable":true,"href":"https:\/\/tunimedia.tn\/fr\/wp-json\/wp\/v2\/tags?post=102512"}],"curies":[{"name":"wp","href":"https:\/\/api.w.org\/{rel}","templated":true}]}}