{"id":100651,"date":"2025-05-31T16:02:21","date_gmt":"2025-05-31T16:02:21","guid":{"rendered":"http:\/\/www.tunimedia.tn\/fr\/triste-nouvelle-quelques-heures-avant-la-finale\/"},"modified":"2025-05-31T16:02:21","modified_gmt":"2025-05-31T16:02:21","slug":"triste-nouvelle-quelques-heures-avant-la-finale","status":"publish","type":"post","link":"https:\/\/tunimedia.tn\/fr\/triste-nouvelle-quelques-heures-avant-la-finale\/","title":{"rendered":"triste nouvelle quelques heures avant la finale"},"content":{"rendered":"<p> [ad_1]\n<br \/><img decoding=\"async\" src=\"https:\/\/cdn.football365.fr\/wp-content\/uploads\/se\/2025\/05\/Munich-finale-2025.jpg\" \/><\/p>\n<p>Quelques heures avant d&rsquo;affronter l&rsquo;Inter<br \/>\nen finale de Ligue des champions, l&rsquo;Inter Milan a appris la mort de<br \/>\nson ancien pr\u00e9sident.<\/p>\n<div>\n<p>Au moment du coup d\u2019envoi contre le PSG, les joueurs de l\u2019Inter<br \/>\nMilan auront une pens\u00e9e \u00e9mue pour un des anciens pr\u00e9sidents du club<br \/>\nitalien. On a appris la mort, samedi matin, d\u2019Ernesto Pellegrini, \u00e0<br \/>\nl\u2019\u00e2ge de 84 ans.<\/p>\n<p>L\u2019Italien avait dirig\u00e9 les Nerazzurri durant onze ans, entre<br \/>\n1984 et 1995. Dans cette p\u00e9riode, l\u2019\u00e9quipe milanaise avait remport\u00e9<br \/>\nnotamment deux fois celle qu\u2019on appelait la Coupe de l\u2019UEFA (1991<br \/>\net 1994), aujourd\u2019hui Ligue Europa.<\/p>\n<blockquote class=\"twitter-tweet\"><p><span data-olk-copy-source=\"MessageBody\"><a class=\"twitter-link\" rel=\"noindex, nofollow\" href=\"https:\/\/twitter.com\/foot365\/status\/1928786756087710196\"\/><\/span><\/p><\/blockquote>\n<p><span data-olk-copy-source=\"MessageBody\"\/><\/p>\n<p>\u00ab <em>Pendant onze ans, il a dirig\u00e9 l\u2019Inter avec sagesse,<br \/>\nhonneur et d\u00e9termination, laissant une marque ind\u00e9l\u00e9bile dans<br \/>\nl\u2019histoire de notre Club. Le FC Internazionale Milano et tous les<br \/>\nsupporters nerazzurri se rassemblent autour de sa famille<\/em> \u00bb, a<br \/>\n\u00e9crit le club, via <em>X<\/em>.<\/p>\n<h2>La fili\u00e8re allemande<\/h2>\n<p>A une \u00e9poque o\u00f9 l\u2019arr\u00eat Bosman n\u2019existait pas, les \u00e9quipes<br \/>\navaient le droit d\u2019aligner au maximum trois joueurs \u00e9trangers.<br \/>\nL\u2019Inter d\u2019Ernesto Pellegrini avait mis\u00e9 sur l\u2019Allemagne en<br \/>\nrecrutant les internationaux Karl-Heinz Rummenigge, Lothar<br \/>\nMatth\u00e4us, J\u00fcrgen Klinsmann puis Andreas Brehme, sous la direction<br \/>\ndu c\u00e9l\u00e8bre entra\u00eeneur Giovanni Trapattoni.<\/p>\n<p>Aujourd\u2019hui, la formation coach\u00e9e par Simone Inzaghi, adversaire<br \/>\nce 31 mai \u00e0 Munich du PSG en finale de la Ligue des champions,<br \/>\ncompte notamment deux Bleus : l\u2019attaquant Marcus Thuram et le<br \/>\nd\u00e9fenseur Benjamin Pavard.<\/p>\n<\/div>\n<p><script async src=\"\/\/platform.twitter.com\/widgets.js\" charset=\"utf-8\"><\/script><br \/>\n<br \/>[ad_2]\n<br \/><a href=\"https:\/\/www.football365.fr\/psg-inter-triste-nouvelle-quelques-heures-avant-la-finale-10241059.html?utm_source=rss_feed&#038;utm_medium=link&#038;utm_campaign=unknown\">Source link <\/a><\/p>\n","protected":false},"excerpt":{"rendered":"<p>[ad_1] Quelques heures avant d&rsquo;affronter l&rsquo;Inter en finale de Ligue des champions, l&rsquo;Inter Milan a appris la mort de son ancien pr\u00e9sident. Au moment du coup d\u2019envoi contre le PSG, les joueurs de l\u2019Inter Milan auront une pens\u00e9e \u00e9mue pour un des anciens pr\u00e9sidents du club italien. On a appris la mort, samedi matin, d\u2019Ernesto &hellip;<\/p>\n","protected":false},"author":1,"featured_media":100652,"comment_status":"open","ping_status":"open","sticky":false,"template":"","format":"standard","meta":{"_seopress_robots_primary_cat":"0","_seopress_titles_title":"","_seopress_titles_desc":"","_seopress_robots_index":"","_jetpack_memberships_contains_paid_content":false,"footnotes":""},"categories":[350],"tags":[],"class_list":["post-100651","post","type-post","status-publish","format-standard","has-post-thumbnail","hentry","category-sport"],"jetpack_featured_media_url":"https:\/\/tunimedia.tn\/fr\/wp-content\/uploads\/2025\/05\/Munich-finale-2025.jpg","jetpack_sharing_enabled":true,"amp_enabled":true,"_links":{"self":[{"href":"https:\/\/tunimedia.tn\/fr\/wp-json\/wp\/v2\/posts\/100651","targetHints":{"allow":["GET"]}}],"collection":[{"href":"https:\/\/tunimedia.tn\/fr\/wp-json\/wp\/v2\/posts"}],"about":[{"href":"https:\/\/tunimedia.tn\/fr\/wp-json\/wp\/v2\/types\/post"}],"author":[{"embeddable":true,"href":"https:\/\/tunimedia.tn\/fr\/wp-json\/wp\/v2\/users\/1"}],"replies":[{"embeddable":true,"href":"https:\/\/tunimedia.tn\/fr\/wp-json\/wp\/v2\/comments?post=100651"}],"version-history":[{"count":0,"href":"https:\/\/tunimedia.tn\/fr\/wp-json\/wp\/v2\/posts\/100651\/revisions"}],"wp:featuredmedia":[{"embeddable":true,"href":"https:\/\/tunimedia.tn\/fr\/wp-json\/wp\/v2\/media\/100652"}],"wp:attachment":[{"href":"https:\/\/tunimedia.tn\/fr\/wp-json\/wp\/v2\/media?parent=100651"}],"wp:term":[{"taxonomy":"category","embeddable":true,"href":"https:\/\/tunimedia.tn\/fr\/wp-json\/wp\/v2\/categories?post=100651"},{"taxonomy":"post_tag","embeddable":true,"href":"https:\/\/tunimedia.tn\/fr\/wp-json\/wp\/v2\/tags?post=100651"}],"curies":[{"name":"wp","href":"https:\/\/api.w.org\/{rel}","templated":true}]}}