{"id":100580,"date":"2025-05-30T14:50:22","date_gmt":"2025-05-30T14:50:22","guid":{"rendered":"http:\/\/www.tunimedia.tn\/fr\/une-enorme-surprise-dans-le-11-parisien-2\/"},"modified":"2025-05-30T14:50:22","modified_gmt":"2025-05-30T14:50:22","slug":"une-enorme-surprise-dans-le-11-parisien-2","status":"publish","type":"post","link":"https:\/\/tunimedia.tn\/fr\/une-enorme-surprise-dans-le-11-parisien-2\/","title":{"rendered":"une \u00e9norme surprise dans le 11 parisien"},"content":{"rendered":"<p> [ad_1]\n<\/p>\n<p>Le Paris Saint-Germain affronte l&rsquo;Inter<br \/>\nMilan en finale de la Ligue des champions, ce samedi (21 heures).<br \/>\nVoici les premi\u00e8res tendances pour la composition parisienne.<\/p>\n<div>\n<p>L\u2019effervescence continue \u00e0 grimper, en France, en Italie et en<br \/>\nAllemagne, \u00e0 un peu plus de 24 heures de la finale de la <a href=\"https:\/\/www.football365.fr\/coupes-europe-football\/ligue-des-champions-coupes-europe-football\"><br \/>\n<strong>Ligue des champions<\/strong><\/a>.<\/p>\n<p>Ce samedi soir, le <a href=\"https:\/\/www.football365.fr\/equipe\/psg-38969.shtml\"><strong>Paris<br \/>\nSaint-Germain<\/strong><\/a> tentera d\u2019\u00e9crire sa l\u00e9gende en<br \/>\nremportant la premi\u00e8re Ligue des champions de son histoire. Pour<br \/>\ncela, l\u2019\u00e9quipe de Luis Enrique doit franchir un dernier obstacle de<br \/>\ntaille : l\u2019Inter Milan. Un adversaire qui devrait proposer une<br \/>\nbelle opposition de styles puisque le club lombard, compos\u00e9 de<br \/>\nvieux briscards, s\u2019appuie sur son socle d\u00e9fensif, quand le PSG mise<br \/>\nsur sa jeunesse et une attaque prolifique.<\/p>\n<div id=\"attachment_10235356\" style=\"width: 1290px\" class=\"wp-caption alignnone\"><a href=\"https:\/\/www.football365.fr\/wp-content\/uploads\/se\/2025\/04\/ICONSPORT_257773_0210.jpg\"><\/p>\n<div class=\"wrap-img\" id=\"wrap-img-10235356\"><img alt=\"\" loading=\"lazy\" decoding=\"async\" aria-describedby=\"caption-attachment-10235356\" class=\"size-full wp-image-10235356\" src=\"https:\/\/cdn.football365.fr\/wp-content\/uploads\/se\/2025\/04\/ICONSPORT_257773_0210.jpg\" alt=\"\" width=\"1280\" height=\"670\" srcset=\"https:\/\/cdn.football365.fr\/wp-content\/uploads\/se\/2025\/04\/ICONSPORT_257773_0210.jpg 1280w, https:\/\/cdn.football365.fr\/wp-content\/uploads\/se\/2025\/04\/ICONSPORT_257773_0210-300x157.jpg 300w, https:\/\/cdn.football365.fr\/wp-content\/uploads\/se\/2025\/04\/ICONSPORT_257773_0210-1024x536.jpg 1024w, https:\/\/cdn.football365.fr\/wp-content\/uploads\/se\/2025\/04\/ICONSPORT_257773_0210-768x402.jpg 768w\" sizes=\"auto, (max-width: 1280px) 100vw, 1280px\"\/><\/div>\n<p><\/a><\/p>\n<p id=\"caption-attachment-10235356\" class=\"wp-caption-text\">Luis<br \/>\nEnrique a construit un collectif fort.<\/p>\n<\/div>\n<p>Avec quel onze de d\u00e9part se pr\u00e9senteront les Parisiens ? Si Luis<br \/>\nEnrique refuse le concept d\u2019\u00e9quipe-type, une formation s\u2019est<br \/>\nd\u00e9gag\u00e9e au fil des tours. Les places sont ch\u00e8res, mais la majorit\u00e9<br \/>\ndu onze semble ne fait gu\u00e8re de doute.<\/p>\n<h2>PSG-Inter : une derni\u00e8re interrogation en attaque<\/h2>\n<p>Dans les buts, Gianluigi Donnarumma aura encore un r\u00f4le majeur \u00e0<br \/>\njouer dans cette finale apr\u00e8s ses prestations XXL lors des<br \/>\npr\u00e9c\u00e9dents tours. Le portier italien sera prot\u00e9g\u00e9 par une charni\u00e8re<br \/>\ncentrale Marquinhos-Pacho, tandis que les percutants Achraf Hakimi<br \/>\net Nuno Mendes tiendront leur place sur les c\u00f4t\u00e9s. Dans l\u2019entrejeu,<br \/>\nle trio Vitinha-Joao Neves-Fabian Ruiz a donn\u00e9 toutes les garanties<br \/>\npour devenir un point fort de l\u2019\u00e9quipe.<\/p>\n<p>C\u2019est en attaque que la derni\u00e8re interrogation subsiste. Si le<br \/>\nmeilleur buteur Ousmane Demb\u00e9l\u00e9 est attendu et devrait \u00eatre \u00e9paul\u00e9<br \/>\npar Khvicha Kvaratskhelia, D\u00e9sir\u00e9 Dou\u00e9 et Bradley Barcola sont en<br \/>\nbalance pour la troisi\u00e8me place. Le choix de Luis Enrique d\u00e9coulera<br \/>\nd\u2019une r\u00e9flexion tactique. Si Dou\u00e9 peut apporter sa cr\u00e9ativit\u00e9 dans<br \/>\nles petits espaces, Barcola peut \u00eatre pr\u00e9cieux dans l\u2019attaque de la<br \/>\nprofondeur. Les deux concurrents sont en grande forme et ont \u00e9t\u00e9<br \/>\nd\u00e9cisifs en finale de la Coupe de France, avec deux passes<br \/>\nd\u00e9cisives de Dou\u00e9 pour Barcola. Enfin, la pr\u00e9sence de Dou\u00e9<br \/>\npermettrait \u00e0 Kvaratskhelia de rester sur son flanc gauche.<\/p>\n<aside class=\"bloc_resume_post\">\n<h2 class=\"bloc_resume_post_title\">EN BREF<\/h2>\n<ul class=\"bloc_resume_post_list\">\n<li>Le Paris Saint-Germain affrontera l&rsquo;Inter Milan en finale de la<br \/>\nLigue des champions ce samedi soir, avec Luis Enrique \u00e0 la t\u00eate de<br \/>\nl&rsquo;\u00e9quipe parisienne.<\/li>\n<li>Le PSG, misant sur une attaque prolifique, devra choisir entre<br \/>\nD\u00e9sir\u00e9 Dou\u00e9 et Bradley Barcola pour compl\u00e9ter son trio offensif aux<br \/>\nc\u00f4t\u00e9s de Demb\u00e9l\u00e9 et Kvaratskhelia.<\/li>\n<li>La d\u00e9cision de Luis Enrique sur l&rsquo;attaque pourrait \u00eatre<br \/>\ninfluenc\u00e9e par des consid\u00e9rations tactiques, chaque joueur offrant<br \/>\ndes atouts diff\u00e9rents pour le match d\u00e9cisif.<\/li>\n<\/ul>\n<\/aside>\n<\/div>\n[ad_2]\n<br \/><a href=\"https:\/\/www.football365.fr\/psg-inter-milan-compos-une-enorme-surprise-dans-le-11-parisien-10240874.html?utm_source=rss_feed&#038;utm_medium=link&#038;utm_campaign=unknown\">Source link <\/a><\/p>\n","protected":false},"excerpt":{"rendered":"<p>[ad_1] Le Paris Saint-Germain affronte l&rsquo;Inter Milan en finale de la Ligue des champions, ce samedi (21 heures). Voici les premi\u00e8res tendances pour la composition parisienne. L\u2019effervescence continue \u00e0 grimper, en France, en Italie et en Allemagne, \u00e0 un peu plus de 24 heures de la finale de la Ligue des champions. Ce samedi soir, &hellip;<\/p>\n","protected":false},"author":1,"featured_media":99625,"comment_status":"open","ping_status":"open","sticky":false,"template":"","format":"standard","meta":{"_seopress_robots_primary_cat":"0","_seopress_titles_title":"","_seopress_titles_desc":"","_seopress_robots_index":"","_jetpack_memberships_contains_paid_content":false,"footnotes":""},"categories":[350],"tags":[],"class_list":["post-100580","post","type-post","status-publish","format-standard","has-post-thumbnail","hentry","category-sport"],"jetpack_featured_media_url":"https:\/\/tunimedia.tn\/fr\/wp-content\/uploads\/2025\/05\/ICONSPORT_257312_0006-1.jpg","jetpack_sharing_enabled":true,"amp_enabled":true,"_links":{"self":[{"href":"https:\/\/tunimedia.tn\/fr\/wp-json\/wp\/v2\/posts\/100580","targetHints":{"allow":["GET"]}}],"collection":[{"href":"https:\/\/tunimedia.tn\/fr\/wp-json\/wp\/v2\/posts"}],"about":[{"href":"https:\/\/tunimedia.tn\/fr\/wp-json\/wp\/v2\/types\/post"}],"author":[{"embeddable":true,"href":"https:\/\/tunimedia.tn\/fr\/wp-json\/wp\/v2\/users\/1"}],"replies":[{"embeddable":true,"href":"https:\/\/tunimedia.tn\/fr\/wp-json\/wp\/v2\/comments?post=100580"}],"version-history":[{"count":0,"href":"https:\/\/tunimedia.tn\/fr\/wp-json\/wp\/v2\/posts\/100580\/revisions"}],"wp:featuredmedia":[{"embeddable":true,"href":"https:\/\/tunimedia.tn\/fr\/wp-json\/wp\/v2\/media\/99625"}],"wp:attachment":[{"href":"https:\/\/tunimedia.tn\/fr\/wp-json\/wp\/v2\/media?parent=100580"}],"wp:term":[{"taxonomy":"category","embeddable":true,"href":"https:\/\/tunimedia.tn\/fr\/wp-json\/wp\/v2\/categories?post=100580"},{"taxonomy":"post_tag","embeddable":true,"href":"https:\/\/tunimedia.tn\/fr\/wp-json\/wp\/v2\/tags?post=100580"}],"curies":[{"name":"wp","href":"https:\/\/api.w.org\/{rel}","templated":true}]}}